{"id":140103,"date":"2015-06-19T14:44:42","date_gmt":"2015-06-19T12:44:42","guid":{"rendered":"http:\/\/www.fuldaer-nachrichten.de\/?p=140103"},"modified":"2015-06-19T14:44:42","modified_gmt":"2015-06-19T12:44:42","slug":"bistum-startet-malwettbewerb-fuer-kinder-ich-male-ein-bild-fuer-dich","status":"publish","type":"post","link":"https:\/\/www.fuldaernachrichten.de\/?p=140103","title":{"rendered":"Bistum startet Malwettbewerb f\u00fcr Kinder \u201eIch male ein Bild f\u00fcr dich!\u201c"},"content":{"rendered":"<p>Die aktuelle Fl\u00fcchtlingssituation ist Anlass f\u00fcr einen\u00c2\u00a0 Malwettbewerb f\u00fcr Kinder im Alter von 6-11 Jahren. Initiiert vom Seelsorgeamt mit dem Referat Weltkirche und dem Hilfswerk \u201emissio\u201c startet der Malwettbewerb am di\u00f6zesanen Familientag am 14.06.2015. Einsendeschluss der Bilder ist der 11.09.2015.<br \/>\nAuf einem DIN A4 Malblock ist die Geschichte des siebenj\u00e4hrigen Fl\u00fcchtlingskindes Sabah aus Syrien als Bildergeschichte erz\u00e4hlt. Die Geschichte\u00c2\u00a0 endet mit der Einladung, f\u00fcr Sabah ein Bild zu malen \u2013 verbunden mit guten W\u00fcnschen oder einem pers\u00f6nlichen Gru\u00df. Die \u00fcbrigen Seiten des 36-seitigen Blocks k\u00f6nnen bemalt werden.<\/p>\n<p>Die eingesandten Bilder werden pr\u00e4miert. Ausgew\u00e4hlte Bilder werden in Fulda ausgestellt und erscheinen in einem Buch mit Gebeten, Geschichten und Impulsen zum Thema \u201eFlucht\u201c, das dann auch in der pastoralen Arbeit mit Kindern eingesetzt werden kann. Schirmherr der Aktion ist der Generalvikar, Prof. Dr. Gerhard Stanke.<\/p>\n<p>Malbl\u00f6cke k\u00f6nnen ab sofort f\u00fcr Kindergottesdienste, Familienkreise u.\u00e4, im Seelsorgeamt (dagmar.denker@bistum-fulda.de) und im missio-Di\u00f6zesanb\u00fcro (missio@bistum-fulda.de ) kostenfrei bestellt werden.<\/p>\n<p>Weitere Informationen zum Projekt\u00c2\u00a0 \u201eIch male ein Bild f\u00fcr dich!\u201c erhalten Sie im missio-Di\u00f6zesanb\u00fcro bei Steffen Jahn unter 0661-87363 und missio@bistum-fulda.de oder im Seelsorgeamt bei Dagmar Denker unter 0661-87461.<\/p>\n","protected":false},"excerpt":{"rendered":"<div class=\"tmnf_excerpt\"><p>Die aktuelle Fl\u00fcchtlingssituation ist Anlass f\u00fcr einen\u00c2\u00a0 Malwettbewerb f\u00fcr Kinder im Alter von 6-11 Jahren. Initiiert vom Seelsorgeamt mit dem Referat Weltkirche und dem Hilfswerk \u201emissio\u201c startet der Malwettbewerb am di\u00f6zesanen Familientag am 14.06.2015. Einsendeschluss der Bilder ist der 11.09.2015. Auf einem DIN A4 Malblock ist die Geschichte des siebenj\u00e4hrigen Fl\u00fcchtlingskindes Sabah aus Syrien als &hellip;<\/p>\n<\/div>","protected":false},"author":1,"featured_media":0,"comment_status":"closed","ping_status":"closed","sticky":false,"template":"","format":"standard","meta":{"footnotes":""},"categories":[1,72,50],"tags":[],"class_list":["post-140103","post","type-post","status-publish","format-standard","hentry","category-startseite","category-jugend","category-kirche"],"_links":{"self":[{"href":"https:\/\/www.fuldaernachrichten.de\/index.php?rest_route=\/wp\/v2\/posts\/140103","targetHints":{"allow":["GET"]}}],"collection":[{"href":"https:\/\/www.fuldaernachrichten.de\/index.php?rest_route=\/wp\/v2\/posts"}],"about":[{"href":"https:\/\/www.fuldaernachrichten.de\/index.php?rest_route=\/wp\/v2\/types\/post"}],"author":[{"embeddable":true,"href":"https:\/\/www.fuldaernachrichten.de\/index.php?rest_route=\/wp\/v2\/users\/1"}],"replies":[{"embeddable":true,"href":"https:\/\/www.fuldaernachrichten.de\/index.php?rest_route=%2Fwp%2Fv2%2Fcomments&post=140103"}],"version-history":[{"count":1,"href":"https:\/\/www.fuldaernachrichten.de\/index.php?rest_route=\/wp\/v2\/posts\/140103\/revisions"}],"predecessor-version":[{"id":140104,"href":"https:\/\/www.fuldaernachrichten.de\/index.php?rest_route=\/wp\/v2\/posts\/140103\/revisions\/140104"}],"wp:attachment":[{"href":"https:\/\/www.fuldaernachrichten.de\/index.php?rest_route=%2Fwp%2Fv2%2Fmedia&parent=140103"}],"wp:term":[{"taxonomy":"category","embeddable":true,"href":"https:\/\/www.fuldaernachrichten.de\/index.php?rest_route=%2Fwp%2Fv2%2Fcategories&post=140103"},{"taxonomy":"post_tag","embeddable":true,"href":"https:\/\/www.fuldaernachrichten.de\/index.php?rest_route=%2Fwp%2Fv2%2Ftags&post=140103"}],"curies":[{"name":"wp","href":"https:\/\/api.w.org\/{rel}","templated":true}]}}