{"id":140099,"date":"2015-06-19T14:44:01","date_gmt":"2015-06-19T12:44:01","guid":{"rendered":"http:\/\/www.fuldaer-nachrichten.de\/?p=140099"},"modified":"2015-06-19T14:44:01","modified_gmt":"2015-06-19T12:44:01","slug":"neue-imagebroschuere-caritas-in-der-mitte-deutschlands","status":"publish","type":"post","link":"https:\/\/www.fuldaernachrichten.de\/?p=140099","title":{"rendered":"Neue Imagebrosch\u00fcre \u2013 Caritas in der Mitte Deutschlands"},"content":{"rendered":"<p>\u201eNah am Menschen \u2013 Caritas in der Mitte Deutschlands\u201c ist der Titel einer Imagebrosch\u00fcre, die der Caritasverband f\u00fcr die Di\u00f6zese Fulda jetzt in erster Auflage herausgegeben hat. \u201eDie Brosch\u00fcre soll knapp und pr\u00e4gnant \u00fcber die Caritas im Bistum Fulda informieren\u201c, erl\u00e4uterte Di\u00f6zesan-Caritasdirektor Dr. Markus Juch bei der offiziellen Vorstellung des handlichen Heftes in DIN-Lang-Format. \u201eKurze Informationen \u00fcber die Aufgaben, die Struktur und die Arbeitsfelder der Caritas bieten einen ersten \u00dcberblick \u2013 und nat\u00fcrlich gehen wir in der Imagebrosch\u00fcre auch auf unser Selbstverst\u00e4ndnis als katholischer Wohlfahrtsverband ein!\u201c<br \/>\nDie Image-Brosch\u00fcre ist kostenlos und kann von allen Interessenten angefordert werden beim Caritasverband f\u00fcr die Di\u00f6zese Fulda, Referat Presse- und \u00d6ffentlichkeitsarbeit, Wilhelmstra\u00dfe 2, 36037 Fulda, E-Mail oeffentlichkeitsarbeit@caritas-fulda.de. Auch online ist die Brosch\u00fcre verf\u00fcgbar: Einfach unter www.caritas-fulda.de bei \u201eAktuelles\u201c im Downloadcenter abrufen.<\/p>\n","protected":false},"excerpt":{"rendered":"<div class=\"tmnf_excerpt\"><p>\u201eNah am Menschen \u2013 Caritas in der Mitte Deutschlands\u201c ist der Titel einer Imagebrosch\u00fcre, die der Caritasverband f\u00fcr die Di\u00f6zese Fulda jetzt in erster Auflage herausgegeben hat. \u201eDie Brosch\u00fcre soll knapp und pr\u00e4gnant \u00fcber die Caritas im Bistum Fulda informieren\u201c, erl\u00e4uterte Di\u00f6zesan-Caritasdirektor Dr. Markus Juch bei der offiziellen Vorstellung des handlichen Heftes in DIN-Lang-Format. \u201eKurze &hellip;<\/p>\n<\/div>","protected":false},"author":1,"featured_media":140101,"comment_status":"closed","ping_status":"closed","sticky":false,"template":"","format":"standard","meta":{"footnotes":""},"categories":[1,51,50],"tags":[],"class_list":["post-140099","post","type-post","status-publish","format-standard","has-post-thumbnail","hentry","category-startseite","category-medizin","category-kirche"],"_links":{"self":[{"href":"https:\/\/www.fuldaernachrichten.de\/index.php?rest_route=\/wp\/v2\/posts\/140099","targetHints":{"allow":["GET"]}}],"collection":[{"href":"https:\/\/www.fuldaernachrichten.de\/index.php?rest_route=\/wp\/v2\/posts"}],"about":[{"href":"https:\/\/www.fuldaernachrichten.de\/index.php?rest_route=\/wp\/v2\/types\/post"}],"author":[{"embeddable":true,"href":"https:\/\/www.fuldaernachrichten.de\/index.php?rest_route=\/wp\/v2\/users\/1"}],"replies":[{"embeddable":true,"href":"https:\/\/www.fuldaernachrichten.de\/index.php?rest_route=%2Fwp%2Fv2%2Fcomments&post=140099"}],"version-history":[{"count":1,"href":"https:\/\/www.fuldaernachrichten.de\/index.php?rest_route=\/wp\/v2\/posts\/140099\/revisions"}],"predecessor-version":[{"id":140102,"href":"https:\/\/www.fuldaernachrichten.de\/index.php?rest_route=\/wp\/v2\/posts\/140099\/revisions\/140102"}],"wp:featuredmedia":[{"embeddable":true,"href":"https:\/\/www.fuldaernachrichten.de\/index.php?rest_route=\/wp\/v2\/media\/140101"}],"wp:attachment":[{"href":"https:\/\/www.fuldaernachrichten.de\/index.php?rest_route=%2Fwp%2Fv2%2Fmedia&parent=140099"}],"wp:term":[{"taxonomy":"category","embeddable":true,"href":"https:\/\/www.fuldaernachrichten.de\/index.php?rest_route=%2Fwp%2Fv2%2Fcategories&post=140099"},{"taxonomy":"post_tag","embeddable":true,"href":"https:\/\/www.fuldaernachrichten.de\/index.php?rest_route=%2Fwp%2Fv2%2Ftags&post=140099"}],"curies":[{"name":"wp","href":"https:\/\/api.w.org\/{rel}","templated":true}]}}