{"id":140084,"date":"2015-06-18T14:08:37","date_gmt":"2015-06-18T12:08:37","guid":{"rendered":"http:\/\/www.fuldaer-nachrichten.de\/?p=140084"},"modified":"2015-06-18T14:08:37","modified_gmt":"2015-06-18T12:08:37","slug":"goldensound-klangkonzert-mit-maria-froehlich-im-radom-am-09-juli-2015","status":"publish","type":"post","link":"https:\/\/www.fuldaernachrichten.de\/?p=140084","title":{"rendered":"GoldenSound Klangkonzert mit Maria Fr\u00f6hlich im Radom am 09. Juli 2015"},"content":{"rendered":"<p><a href=\"http:\/\/www.fuldaer-nachrichten.de\/wp-content\/uploads\/2015\/06\/Fr\u00f6hlich_Radomkonzert_2014.jpg\"><img fetchpriority=\"high\" decoding=\"async\" class=\"alignleft size-thumbnail wp-image-140086\" src=\"http:\/\/www.fuldaer-nachrichten.de\/wp-content\/uploads\/2015\/06\/Fr\u00f6hlich_Radomkonzert_2014-265x199.jpg\" alt=\"Fr\u00f6hlich_Radomkonzert_2014\" width=\"265\" height=\"199\" \/><\/a>Ein Highlight der Region im w\u00f6rtlichen Sinne: Ein GoldenSound Klangkonzert mit Maria Fr\u00f6hlich auf dem h\u00f6chsten Berg Hessens, der Wasserkuppe und dem h\u00f6chsten Geb\u00e4ude, dem Radom.<\/p>\n<p>Am 9. Juli zaubert ab 19:30 Uhr die international anerkannte Klangk\u00fcnstlerin Maria Fr\u00f6hlich Klangr\u00e4ume, die wie goldenes Licht ber\u00fchren. Gong, Monochord, Klangschalen, Oceandrum, Sansula werden in der \u201eSternenkuppel\u201c erklingen und durch deren fantastischer Akustik zu einem &#8220;Golden Sound&#8221; verschmelzen. Eine Teilnehmerin des vorj\u00e4hrigen Radomkonzertes mit Maria Fr\u00f6hlich schilderte ihr Klangerlebnis so: \u201eEs war ein so beeindruckender Abend, den ich bestimmt so schnell nicht vergessen werde. F\u00fchlte mich geborgen, gut aufgehoben und glaubte zeitweilig, ich befinde mich in einem DOM, besser noch in einem Tempel !!!\u201c<\/p>\n<p>F\u00fcr Maria Fr\u00f6hlich, die eine Gesundheits- und Seminarpraxis mit Shiatsu, Klang und Zen in Fulda-Maberzell f\u00fchrt, steht immer der Mensch im Vordergrund. \u201eEs macht keinen Unterschied, ob ich eine Einzelperson behandel oder Seminare f\u00fcr Firmen gebe. Jeder Mensch m\u00f6chte in seinem Innersten angesprochen und ber\u00fchrt werden. Ich nenne dies, die Sehnsucht nach dem \u201eGoldenTouch\u201c.<\/p>\n<p>Bei einer Klangreise mit Obert\u00f6nen und archaischen Kl\u00e4ngen geschieht dies von ganz allein. Wir lassen dann los, entspannen und tanken auf.\u201c verspricht sie. \u201eDas ist die gro\u00dfe Kraft der Kl\u00e4nge, die uns wie auf einem Klangteppich tragen. Mit diesem Gef\u00fchl von Wohlbefinden, Selbstvertrauen und St\u00e4rke gehen wir mit neuer Energie dem Alltag entgegen.\u201c<\/p>\n<p>Die GoldenSound-Klangreise ist am besten im Liegen zu genie\u00dfen.<br \/>\nBitte 1 Iso-Matte, 2 Decken und kl. Kopfkissen mitbringen.<\/p>\n<p>GoldenSound Klangkonzert im Radom auf der Wasserkuppe<br \/>\nDo. 9. Juli 2015 um 19:30 Uhr\u00c2\u00a0\u00c2\u00a0 Einla\u00df: ab 19:15 Uhr<br \/>\nEintritt:\u00c2\u00a0 20 \u00e2\u201a\u00ac an der Abendkasse<\/p>\n","protected":false},"excerpt":{"rendered":"<div class=\"tmnf_excerpt\"><p>Ein Highlight der Region im w\u00f6rtlichen Sinne: Ein GoldenSound Klangkonzert mit Maria Fr\u00f6hlich auf dem h\u00f6chsten Berg Hessens, der Wasserkuppe und dem h\u00f6chsten Geb\u00e4ude, dem Radom. Am 9. Juli zaubert ab 19:30 Uhr die international anerkannte Klangk\u00fcnstlerin Maria Fr\u00f6hlich Klangr\u00e4ume, die wie goldenes Licht ber\u00fchren. Gong, Monochord, Klangschalen, Oceandrum, Sansula werden in der \u201eSternenkuppel\u201c erklingen &hellip;<\/p>\n<\/div>","protected":false},"author":1,"featured_media":140085,"comment_status":"closed","ping_status":"closed","sticky":false,"template":"","format":"standard","meta":{"footnotes":""},"categories":[1,51,44],"tags":[],"class_list":["post-140084","post","type-post","status-publish","format-standard","has-post-thumbnail","hentry","category-startseite","category-medizin","category-kultur"],"_links":{"self":[{"href":"https:\/\/www.fuldaernachrichten.de\/index.php?rest_route=\/wp\/v2\/posts\/140084","targetHints":{"allow":["GET"]}}],"collection":[{"href":"https:\/\/www.fuldaernachrichten.de\/index.php?rest_route=\/wp\/v2\/posts"}],"about":[{"href":"https:\/\/www.fuldaernachrichten.de\/index.php?rest_route=\/wp\/v2\/types\/post"}],"author":[{"embeddable":true,"href":"https:\/\/www.fuldaernachrichten.de\/index.php?rest_route=\/wp\/v2\/users\/1"}],"replies":[{"embeddable":true,"href":"https:\/\/www.fuldaernachrichten.de\/index.php?rest_route=%2Fwp%2Fv2%2Fcomments&post=140084"}],"version-history":[{"count":1,"href":"https:\/\/www.fuldaernachrichten.de\/index.php?rest_route=\/wp\/v2\/posts\/140084\/revisions"}],"predecessor-version":[{"id":140087,"href":"https:\/\/www.fuldaernachrichten.de\/index.php?rest_route=\/wp\/v2\/posts\/140084\/revisions\/140087"}],"wp:featuredmedia":[{"embeddable":true,"href":"https:\/\/www.fuldaernachrichten.de\/index.php?rest_route=\/wp\/v2\/media\/140085"}],"wp:attachment":[{"href":"https:\/\/www.fuldaernachrichten.de\/index.php?rest_route=%2Fwp%2Fv2%2Fmedia&parent=140084"}],"wp:term":[{"taxonomy":"category","embeddable":true,"href":"https:\/\/www.fuldaernachrichten.de\/index.php?rest_route=%2Fwp%2Fv2%2Fcategories&post=140084"},{"taxonomy":"post_tag","embeddable":true,"href":"https:\/\/www.fuldaernachrichten.de\/index.php?rest_route=%2Fwp%2Fv2%2Ftags&post=140084"}],"curies":[{"name":"wp","href":"https:\/\/api.w.org\/{rel}","templated":true}]}}