{"id":140079,"date":"2015-06-18T14:06:52","date_gmt":"2015-06-18T12:06:52","guid":{"rendered":"http:\/\/www.fuldaer-nachrichten.de\/?p=140079"},"modified":"2015-06-18T14:06:52","modified_gmt":"2015-06-18T12:06:52","slug":"konkrete-projekte-als-grundlage-fuer-die-weiterentwicklung-unserer-region","status":"publish","type":"post","link":"https:\/\/www.fuldaernachrichten.de\/?p=140079","title":{"rendered":"Konkrete Projekte \u2013 als Grundlage f\u00fcr die Weiterentwicklung unserer Region"},"content":{"rendered":"<p>Um ein erfolgreiches Regionalmanagement zu gew\u00e4hrleisten stellte der Verein Natur- und Lebensraum Rh\u00f6n, unter dem Vorsitz von Dr. Hubert Beier, zum 01. Juni 2015 eine neue Regionalmanagerin ein. Ziel ist es, Konzepte f\u00fcr eine bessere Lebensqualit\u00e4t im l\u00e4ndlichen Raum zu f\u00f6rdern, zukunftsf\u00e4hige und einkommensstarke Arbeitspl\u00e4tze zu bieten sowie das Bewusstsein f\u00fcr eine der attraktivsten Regionen Deutschlands zu st\u00e4rken.<\/p>\n<p>In der F\u00f6rderperiode bis 2020, erh\u00e4lt der Verein Natur- und Lebensraum Rh\u00f6n 2,1 Millionen Euro aus dem LEADER \u2013 F\u00f6rderprogramm der Europ\u00e4ischen Union (frz. Liaison entre actions de d\u00e9veloppement de l&#8217;\u00e9conomie rurale). Mit LEADER werden seit 1991 deutschlandweit und in der Rh\u00f6n innovative Aktionen im l\u00e4ndlichen Raum gef\u00f6rdert. Grundlage f\u00fcr die F\u00f6rderung ist ein Regionales Entwicklungskonzept (REK). Das REK beschreibt Handlungsfelder und nennt konkrete Ma\u00dfnahmen. Anhand konkreter Projekte wird dieses umgesetzt und ist Grundlage der weiteren Entwicklungen in der Region. Absicht ist es, die Rahmenbedingungen in der Rh\u00f6n als Wirtschafts-, Lebens und Urlaubsregion innerhalb eines regionalen Entwicklungsprozesses zu formen.<\/p>\n<p>Durch die neue Regionalmanagerin Antje Voll werden die unterschiedlichen Interessen, von z.\u00c2\u00a0B. Umwelt- und Wirtschaftsverb\u00e4nden sowie auch der B\u00fcrger selbst, in den Planungs- und Entscheidungsprozess mit einbezogen. Zweck ist der Aufbau regionaler Netzwerke.\u00c2\u00a0 Ebenfalls ein wichtiger Bestandteil wird das Entwickeln und die Realisierung konkreter Ma\u00dfnahmen sein. Voll ist f\u00fcr Investoren, die Projekte im Rahmen des LEADER-Programms einsetzen m\u00f6chten, die Ansprechpartnerin des Vereins.<br \/>\nAntje Voll ist Mutter von zwei Kindern und im fr\u00e4nkischen Langenleiten verheiratet. Die Forstakademikerin m\u00f6chte Impulse setzen und Dienstleister f\u00fcr die einzelnen Handlungsfelder in den Fachforen des Vereins sein. Die Fachforen haben verschiedene Schwerpunkte: Demografischer Wandel; Naturschutz und Kulturlandschaft; Energie und Mobilit\u00e4t; Wirtschaft, Tourismus &amp; Regionalkultur. Im April 2015 wurde noch das Fachforum Kuppenrh\u00f6n gemeinsam mit den Kommunen Friedewald, Schenklengsfeld, Hohenroda und Haunetal gegr\u00fcndet.<\/p>\n<p>Geplant sind verschiedene Projekte. Zum Beispiel soll im Rahmen des demografischen Wandels in der Gemeinde Weyhers die \u201eAlte Post\u201c zu einem Informations- und Aktionszentrum zur F\u00f6rderung eines altersgerechten und eigenst\u00e4ndigen Lebens zu Hause, ausgebaut werden. Ein weiteres ist die \u201eMeisterstra\u00dfe\u201c.\u00c2\u00a0 Diese Idee kommt urspr\u00fcnglich aus \u00d6sterreich und soll bundesweit etabliert werden. Dabei k\u00f6nnen die besten handwerklichen Betriebe, die ein hohes Ma\u00df an Qualit\u00e4tsanspruch haben, ihre regionale Identit\u00e4t st\u00e4rken und sich durch ein hochwertiges gemeinsames Marketingkonzept pr\u00e4sentieren.<\/p>\n<p>Aktuell sind Jugendliche ab 14 Jahren aufgerufen, am j\u00e4hrlichen \u201eHandwerkersommer\u201c teilzunehmen. Dabei soll ihnen, im Rahmen eines Praktikums w\u00e4hrend der Sommerferien, die M\u00f6glichkeit gegeben werden, Handwerkerbetriebe vor Ort kennenzulernen, um vielleicht die eigene berufliche Zukunft in der Heimat zu sichern. Informationen daf\u00fcr, stehen unter anderem auf der Homepage des Biosph\u00e4renreservats Rh\u00f6n (www.biosphaerenreservat-rhoen.de).<\/p>\n","protected":false},"excerpt":{"rendered":"<div class=\"tmnf_excerpt\"><p>Um ein erfolgreiches Regionalmanagement zu gew\u00e4hrleisten stellte der Verein Natur- und Lebensraum Rh\u00f6n, unter dem Vorsitz von Dr. Hubert Beier, zum 01. Juni 2015 eine neue Regionalmanagerin ein. Ziel ist es, Konzepte f\u00fcr eine bessere Lebensqualit\u00e4t im l\u00e4ndlichen Raum zu f\u00f6rdern, zukunftsf\u00e4hige und einkommensstarke Arbeitspl\u00e4tze zu bieten sowie das Bewusstsein f\u00fcr eine der attraktivsten Regionen &hellip;<\/p>\n<\/div>","protected":false},"author":1,"featured_media":140080,"comment_status":"closed","ping_status":"closed","sticky":false,"template":"","format":"standard","meta":{"footnotes":""},"categories":[1],"tags":[],"class_list":["post-140079","post","type-post","status-publish","format-standard","has-post-thumbnail","hentry","category-startseite"],"_links":{"self":[{"href":"https:\/\/www.fuldaernachrichten.de\/index.php?rest_route=\/wp\/v2\/posts\/140079","targetHints":{"allow":["GET"]}}],"collection":[{"href":"https:\/\/www.fuldaernachrichten.de\/index.php?rest_route=\/wp\/v2\/posts"}],"about":[{"href":"https:\/\/www.fuldaernachrichten.de\/index.php?rest_route=\/wp\/v2\/types\/post"}],"author":[{"embeddable":true,"href":"https:\/\/www.fuldaernachrichten.de\/index.php?rest_route=\/wp\/v2\/users\/1"}],"replies":[{"embeddable":true,"href":"https:\/\/www.fuldaernachrichten.de\/index.php?rest_route=%2Fwp%2Fv2%2Fcomments&post=140079"}],"version-history":[{"count":1,"href":"https:\/\/www.fuldaernachrichten.de\/index.php?rest_route=\/wp\/v2\/posts\/140079\/revisions"}],"predecessor-version":[{"id":140081,"href":"https:\/\/www.fuldaernachrichten.de\/index.php?rest_route=\/wp\/v2\/posts\/140079\/revisions\/140081"}],"wp:featuredmedia":[{"embeddable":true,"href":"https:\/\/www.fuldaernachrichten.de\/index.php?rest_route=\/wp\/v2\/media\/140080"}],"wp:attachment":[{"href":"https:\/\/www.fuldaernachrichten.de\/index.php?rest_route=%2Fwp%2Fv2%2Fmedia&parent=140079"}],"wp:term":[{"taxonomy":"category","embeddable":true,"href":"https:\/\/www.fuldaernachrichten.de\/index.php?rest_route=%2Fwp%2Fv2%2Fcategories&post=140079"},{"taxonomy":"post_tag","embeddable":true,"href":"https:\/\/www.fuldaernachrichten.de\/index.php?rest_route=%2Fwp%2Fv2%2Ftags&post=140079"}],"curies":[{"name":"wp","href":"https:\/\/api.w.org\/{rel}","templated":true}]}}