{"id":140064,"date":"2015-06-18T10:38:12","date_gmt":"2015-06-18T08:38:12","guid":{"rendered":"http:\/\/www.fuldaer-nachrichten.de\/?p=140064"},"modified":"2015-06-18T10:38:12","modified_gmt":"2015-06-18T08:38:12","slug":"info-veranstaltung-fuer-landwirte-zum-eu-life-projekt-berggruenland","status":"publish","type":"post","link":"https:\/\/www.fuldaernachrichten.de\/?p=140064","title":{"rendered":"Info-Veranstaltung f\u00fcr Landwirte zum EU-LIFE-Projekt Berggr\u00fcnland"},"content":{"rendered":"<p>Der Landkreis Fulda erarbeitet mit Unterst\u00fctzung des Biosph\u00e4renreservats zurzeit einen Antrag f\u00fcr ein EU-Projekt zum Schutze des Berggr\u00fcnlandes der Hessischen Rh\u00f6n. Ziel ist es, die Einzigartigkeit der Rh\u00f6ner Bergwiesen und \u2013weiden mit ihrer au\u00dfergew\u00f6hnlichen Artenvielfalt zu erhalten. Anders als bei den \u00fcblichen landwirtschaftlichen F\u00f6rderprogrammen bietet sich der heimischen Landwirtschaft bei der Life-F\u00f6rderung die Chance, konkrete eigene Bedarfe zu nennen, um eine m\u00f6glichst ma\u00dfgeschneiderte F\u00f6rderung zu erhalten. Landwirte sind aufgerufen, zu erkl\u00e4ren, was sie brauchen, um die artenreichen Gr\u00fcnlandgesellschaften zu erhalten. Gef\u00f6rdert werden k\u00f6nnen u. a. investive Ma\u00dfnahmen. Voraussichtlich werden f\u00fcr einen Zeitraum von 5 Jahren etwa 5 Millionen Euro an F\u00f6rdergeldern zur Verf\u00fcgung gestellt. Zum Projektgebiet z\u00e4hlen alle Fl\u00e4chen, die in einem der vielen FFH-Gebiete oder im EU-Vogelschutzgebiet Hessische Rh\u00f6n liegen. Im Juli 2015 muss der Projektantrag eingereicht werden. Alle Landwirte, die Fl\u00e4chen in den genannten Gebieten haben, sollten sich nicht die Gelegenheit entgehen lassen, ihre Vorstellungen zur Bewirtschaftung einzubringen.<\/p>\n<p>Neben den aktuell in den Gemeinden bereits terminierten Informationsveranstaltungen findet eine letzte, abschlie\u00dfende Informations- und Diskussionsveranstaltung f\u00fcr Landwirte am Mittwoch, den 24.06.2015 um 20.00 Uhr im B\u00fcrgerhaus von Soisdorf, Am Hauck 1, Eiterfeld, statt.<\/p>\n","protected":false},"excerpt":{"rendered":"<div class=\"tmnf_excerpt\"><p>Der Landkreis Fulda erarbeitet mit Unterst\u00fctzung des Biosph\u00e4renreservats zurzeit einen Antrag f\u00fcr ein EU-Projekt zum Schutze des Berggr\u00fcnlandes der Hessischen Rh\u00f6n. Ziel ist es, die Einzigartigkeit der Rh\u00f6ner Bergwiesen und \u2013weiden mit ihrer au\u00dfergew\u00f6hnlichen Artenvielfalt zu erhalten. Anders als bei den \u00fcblichen landwirtschaftlichen F\u00f6rderprogrammen bietet sich der heimischen Landwirtschaft bei der Life-F\u00f6rderung die Chance, konkrete &hellip;<\/p>\n<\/div>","protected":false},"author":1,"featured_media":0,"comment_status":"closed","ping_status":"closed","sticky":false,"template":"","format":"standard","meta":{"footnotes":""},"categories":[1],"tags":[],"class_list":["post-140064","post","type-post","status-publish","format-standard","hentry","category-startseite"],"_links":{"self":[{"href":"https:\/\/www.fuldaernachrichten.de\/index.php?rest_route=\/wp\/v2\/posts\/140064","targetHints":{"allow":["GET"]}}],"collection":[{"href":"https:\/\/www.fuldaernachrichten.de\/index.php?rest_route=\/wp\/v2\/posts"}],"about":[{"href":"https:\/\/www.fuldaernachrichten.de\/index.php?rest_route=\/wp\/v2\/types\/post"}],"author":[{"embeddable":true,"href":"https:\/\/www.fuldaernachrichten.de\/index.php?rest_route=\/wp\/v2\/users\/1"}],"replies":[{"embeddable":true,"href":"https:\/\/www.fuldaernachrichten.de\/index.php?rest_route=%2Fwp%2Fv2%2Fcomments&post=140064"}],"version-history":[{"count":1,"href":"https:\/\/www.fuldaernachrichten.de\/index.php?rest_route=\/wp\/v2\/posts\/140064\/revisions"}],"predecessor-version":[{"id":140065,"href":"https:\/\/www.fuldaernachrichten.de\/index.php?rest_route=\/wp\/v2\/posts\/140064\/revisions\/140065"}],"wp:attachment":[{"href":"https:\/\/www.fuldaernachrichten.de\/index.php?rest_route=%2Fwp%2Fv2%2Fmedia&parent=140064"}],"wp:term":[{"taxonomy":"category","embeddable":true,"href":"https:\/\/www.fuldaernachrichten.de\/index.php?rest_route=%2Fwp%2Fv2%2Fcategories&post=140064"},{"taxonomy":"post_tag","embeddable":true,"href":"https:\/\/www.fuldaernachrichten.de\/index.php?rest_route=%2Fwp%2Fv2%2Ftags&post=140064"}],"curies":[{"name":"wp","href":"https:\/\/api.w.org\/{rel}","templated":true}]}}