{"id":140055,"date":"2015-06-18T10:36:02","date_gmt":"2015-06-18T08:36:02","guid":{"rendered":"http:\/\/www.fuldaer-nachrichten.de\/?p=140055"},"modified":"2015-06-18T10:36:02","modified_gmt":"2015-06-18T08:36:02","slug":"sommerfest-der-bi-fuldatal-fuer-jung-und-alt-begegnung-mit-vertretern-aus-politik-und-der-bundesnetzagentur","status":"publish","type":"post","link":"https:\/\/www.fuldaernachrichten.de\/?p=140055","title":{"rendered":"Sommerfest der BI-Fuldatal f\u00fcr Jung und Alt &#8211; Begegnung mit Vertretern aus Politik und der Bundesnetzagentur"},"content":{"rendered":"<p>Die BI-Fuldatal l\u00e4dt am Sonntag, 5. Juli 2015 alle Interessierten ein zu ihrem ersten Sommerfest am B\u00fcrgerhaus in Fd-K\u00e4mmerzell, f\u00fcr das Oberb\u00fcrgermeister Gerhard M\u00f6ller die Schirmherrschaft \u00fcbernommen hat. Zwischen 10.00 \u2013 18.00 Uhr geht es bei Fr\u00fchschoppen mit Musik, mit Grill-Verpflegung vom Stiftsk\u00e4mmerer, mit Kaffee und gro\u00dfz\u00fcgigen Kuchenspenden um gesellige Begegnung, um Austausch mit Vertretern von der Bundesnetzagentur sowie aus der Politik (Bund, Land und Region). F\u00fcr die Kleinen gibt es eine H\u00fcpfburg und Outdoorspiele. Bei geeigneter Witterung werden auch die geplanten Monstert\u00fcrme in der Landschaft visualisiert. www.bifuldatal.de; Facebook.com\/BIFuldatal.<\/p>\n","protected":false},"excerpt":{"rendered":"<div class=\"tmnf_excerpt\"><p>Die BI-Fuldatal l\u00e4dt am Sonntag, 5. Juli 2015 alle Interessierten ein zu ihrem ersten Sommerfest am B\u00fcrgerhaus in Fd-K\u00e4mmerzell, f\u00fcr das Oberb\u00fcrgermeister Gerhard M\u00f6ller die Schirmherrschaft \u00fcbernommen hat. Zwischen 10.00 \u2013 18.00 Uhr geht es bei Fr\u00fchschoppen mit Musik, mit Grill-Verpflegung vom Stiftsk\u00e4mmerer, mit Kaffee und gro\u00dfz\u00fcgigen Kuchenspenden um gesellige Begegnung, um Austausch mit Vertretern &hellip;<\/p>\n<\/div>","protected":false},"author":1,"featured_media":0,"comment_status":"closed","ping_status":"closed","sticky":false,"template":"","format":"standard","meta":{"footnotes":""},"categories":[1],"tags":[],"class_list":["post-140055","post","type-post","status-publish","format-standard","hentry","category-startseite"],"_links":{"self":[{"href":"https:\/\/www.fuldaernachrichten.de\/index.php?rest_route=\/wp\/v2\/posts\/140055","targetHints":{"allow":["GET"]}}],"collection":[{"href":"https:\/\/www.fuldaernachrichten.de\/index.php?rest_route=\/wp\/v2\/posts"}],"about":[{"href":"https:\/\/www.fuldaernachrichten.de\/index.php?rest_route=\/wp\/v2\/types\/post"}],"author":[{"embeddable":true,"href":"https:\/\/www.fuldaernachrichten.de\/index.php?rest_route=\/wp\/v2\/users\/1"}],"replies":[{"embeddable":true,"href":"https:\/\/www.fuldaernachrichten.de\/index.php?rest_route=%2Fwp%2Fv2%2Fcomments&post=140055"}],"version-history":[{"count":1,"href":"https:\/\/www.fuldaernachrichten.de\/index.php?rest_route=\/wp\/v2\/posts\/140055\/revisions"}],"predecessor-version":[{"id":140057,"href":"https:\/\/www.fuldaernachrichten.de\/index.php?rest_route=\/wp\/v2\/posts\/140055\/revisions\/140057"}],"wp:attachment":[{"href":"https:\/\/www.fuldaernachrichten.de\/index.php?rest_route=%2Fwp%2Fv2%2Fmedia&parent=140055"}],"wp:term":[{"taxonomy":"category","embeddable":true,"href":"https:\/\/www.fuldaernachrichten.de\/index.php?rest_route=%2Fwp%2Fv2%2Fcategories&post=140055"},{"taxonomy":"post_tag","embeddable":true,"href":"https:\/\/www.fuldaernachrichten.de\/index.php?rest_route=%2Fwp%2Fv2%2Ftags&post=140055"}],"curies":[{"name":"wp","href":"https:\/\/api.w.org\/{rel}","templated":true}]}}