{"id":140047,"date":"2015-06-18T10:33:09","date_gmt":"2015-06-18T08:33:09","guid":{"rendered":"http:\/\/www.fuldaer-nachrichten.de\/?p=140047"},"modified":"2015-06-18T10:33:09","modified_gmt":"2015-06-18T08:33:09","slug":"vokalensemble-junge-vocalisten-aus-alsfeld-am-sonntag-zu-gast-bei-vulkanvocal-in-bad-salzhausen","status":"publish","type":"post","link":"https:\/\/www.fuldaernachrichten.de\/?p=140047","title":{"rendered":"Vokalensemble \u201eJunge Vocalisten\u201c aus Alsfeld am Sonntag zu Gast bei VULKANvocal in Bad Salzhausen"},"content":{"rendered":"<p>Das Vokalensemble \u201eJunge Vocalisten\u201c aus Alsfeld ist am Sonntag zu Gast bei VULKANvocal in Bad Salzhausen. Gemeinsam ist das Ensemble mit Tobias Hug (London), ehemaliges Mitglied der weltbekannten Swingle Singers, und den Echo-Preistr\u00e4gern des Calmus Ensembles aus Leipzig beim Abschlusskonzert um 17.00 Uhr im Kursaal zu h\u00f6ren. Auf dem Programm steht weltliche Musik mit Werken von altbekannten Meistern wie Henry Purcell bis hin zu modernen Pop-\u00c2\u00a0 und Jazzarrangements. Karten gibt im Vorverkauf f\u00fcr 15 EURO \/ erm\u00e4\u00dfigt 13 EURO und an der\u00c2\u00a0 Abendkasse f\u00fcr 17 EURO \/ erm\u00e4\u00dfigt 15 EURO. N\u00e4here Infos: Sabine Spahn 0171 363 5745 oder unter www.der-vulkan-singt.de<\/p>\n","protected":false},"excerpt":{"rendered":"<div class=\"tmnf_excerpt\"><p>Das Vokalensemble \u201eJunge Vocalisten\u201c aus Alsfeld ist am Sonntag zu Gast bei VULKANvocal in Bad Salzhausen. Gemeinsam ist das Ensemble mit Tobias Hug (London), ehemaliges Mitglied der weltbekannten Swingle Singers, und den Echo-Preistr\u00e4gern des Calmus Ensembles aus Leipzig beim Abschlusskonzert um 17.00 Uhr im Kursaal zu h\u00f6ren. Auf dem Programm steht weltliche Musik mit Werken &hellip;<\/p>\n<\/div>","protected":false},"author":1,"featured_media":140049,"comment_status":"closed","ping_status":"closed","sticky":false,"template":"","format":"standard","meta":{"footnotes":""},"categories":[1,44],"tags":[],"class_list":["post-140047","post","type-post","status-publish","format-standard","has-post-thumbnail","hentry","category-startseite","category-kultur"],"_links":{"self":[{"href":"https:\/\/www.fuldaernachrichten.de\/index.php?rest_route=\/wp\/v2\/posts\/140047","targetHints":{"allow":["GET"]}}],"collection":[{"href":"https:\/\/www.fuldaernachrichten.de\/index.php?rest_route=\/wp\/v2\/posts"}],"about":[{"href":"https:\/\/www.fuldaernachrichten.de\/index.php?rest_route=\/wp\/v2\/types\/post"}],"author":[{"embeddable":true,"href":"https:\/\/www.fuldaernachrichten.de\/index.php?rest_route=\/wp\/v2\/users\/1"}],"replies":[{"embeddable":true,"href":"https:\/\/www.fuldaernachrichten.de\/index.php?rest_route=%2Fwp%2Fv2%2Fcomments&post=140047"}],"version-history":[{"count":1,"href":"https:\/\/www.fuldaernachrichten.de\/index.php?rest_route=\/wp\/v2\/posts\/140047\/revisions"}],"predecessor-version":[{"id":140051,"href":"https:\/\/www.fuldaernachrichten.de\/index.php?rest_route=\/wp\/v2\/posts\/140047\/revisions\/140051"}],"wp:featuredmedia":[{"embeddable":true,"href":"https:\/\/www.fuldaernachrichten.de\/index.php?rest_route=\/wp\/v2\/media\/140049"}],"wp:attachment":[{"href":"https:\/\/www.fuldaernachrichten.de\/index.php?rest_route=%2Fwp%2Fv2%2Fmedia&parent=140047"}],"wp:term":[{"taxonomy":"category","embeddable":true,"href":"https:\/\/www.fuldaernachrichten.de\/index.php?rest_route=%2Fwp%2Fv2%2Fcategories&post=140047"},{"taxonomy":"post_tag","embeddable":true,"href":"https:\/\/www.fuldaernachrichten.de\/index.php?rest_route=%2Fwp%2Fv2%2Ftags&post=140047"}],"curies":[{"name":"wp","href":"https:\/\/api.w.org\/{rel}","templated":true}]}}