{"id":140028,"date":"2015-06-17T15:19:37","date_gmt":"2015-06-17T13:19:37","guid":{"rendered":"http:\/\/www.fuldaer-nachrichten.de\/?p=140028"},"modified":"2015-06-17T15:19:37","modified_gmt":"2015-06-17T13:19:37","slug":"anhoerung-zum-kommunalen-finanzausgleich-gruene-zufrieden-mit-sachlicher-und-gut-fundierter-diskussion","status":"publish","type":"post","link":"https:\/\/www.fuldaernachrichten.de\/?p=140028","title":{"rendered":"Anh\u00f6rung zum kommunalen Finanzausgleich GR\u00dcNE zufrieden mit sachlicher und gut fundierter Diskussion"},"content":{"rendered":"<p>Nach Ansicht der Landtagsfraktion von B\u00dcNDNIS 90\/DIE GR\u00dcNEN ist es in der heutigen Anh\u00f6rung zum kommunalen Finanzausgleich (KFA) gelungen, die sehr vielf\u00e4ltigen Finanzbeziehungen zwischen Land und Kommunen aus unterschiedlichen Blickwinkeln zu beleuchten. \u201eEs ist verst\u00e4ndlich, dass bei den Kommunalfinanzen ganz unterschiedliche Interessen aufeinanderprallen. Die Diskussionslinien verlaufen zwischen st\u00e4dtischen und l\u00e4ndlichen Regionen, zwischen finanzstarken und finanzschwachen Kommunen, aber auch zwischen Kreisen und Gemeinden. Unsere Aufgabe besteht nun darin, alle Argumente sorgf\u00e4ltig zu pr\u00fcfen und den Gesetzentwurf gegebenenfalls noch einmal anzupassen\u201c, erkl\u00e4rt Eva Goldbach, kommunalpolitische Sprecherin der GR\u00dcNEN. \u201eBesonders erfreulich ist, dass neben den kommunalen Spitzenverb\u00e4nden und Sachverst\u00e4ndigen auch eine gro\u00dfe Vielfalt an Stimmen aus den Kommunen selbst zu Wort kam. Allen Anzuh\u00f6renden gilt unser ausdr\u00fccklicher Dank.\u201c<\/p>\n<p>In der Anh\u00f6rung habe sich ein weiteres Mal gezeigt, wie eng sich die Landesregierung im gesamten Reformprozess an den Vorgaben des Staatsgerichtshofes orientiert habe. Das zu Beginn erfasste umfangreiche Datenmaterial erm\u00f6gliche eine sachliche, gut fundierte Diskussion. Dazu Goldbach: \u201eViele Anzuh\u00f6rende haben das transparente Verfahren gelobt. Auch wir wissen es sehr zu sch\u00e4tzen, dass das Finanzministerium das Gesetz zur Neuordnung des KFA in einem umfassenden Diskussions- und R\u00fcckkopplungsprozess mit den hessischen Kommunen entwickelt hat.\u201c Bereits vor der Anh\u00f6rung seien somit zahlreiche Anregungen aus den Kommunen aufgenommen und in den Gesetzentwurf eingearbeitet worden.<\/p>\n<p>\u201eDas Land stellt den Kommunen k\u00fcnftig eine verl\u00e4sslichere, am Bedarf orientierte Finanzierung bereit, die von Wirtschaftsschwankungen unabh\u00e4ngig sein wird.\u201c Nach neuesten Berechnungen flie\u00dfe im kommenden Jahr die Rekordsumme von 4,37 Milliarden Euro an die hessischen Kommunen. Innerhalb von f\u00fcnf Jahren sei der KFA damit um deutlich mehr als eine Milliarde Euro gewachsen. Durch die umfassende Analyse des aktuellen kommunalen Bedarfs k\u00f6nne das Geld k\u00fcnftig zudem zielgenauer auf die hessischen Kreise, St\u00e4dte und Gemeinden verteilt werden.<\/p>\n<p>Insgesamt sehen die GR\u00dcNEN die Kommunalfinanzen auf einem guten Weg. \u201eDie Kommunen konnten den Aufw\u00e4rtstrend der Vorjahre fortsetzen und ihre Defizite weiter drastisch abbauen \u2013 von 810 Millionen Euro im Jahr 2013 auf nur noch 71 Millionen Euro im vergangenen Jahr. Rund 45 Prozent aller Kommunen haben ihren Haushalt sogar mit einem Plus abgeschlossen\u201c, freut sich Eva Goldbach. \u201eWir haben gro\u00dfen Respekt vor den finanzwirtschaftlichen Leistungen der Kommunen.\u201c<\/p>\n","protected":false},"excerpt":{"rendered":"<div class=\"tmnf_excerpt\"><p>Nach Ansicht der Landtagsfraktion von B\u00dcNDNIS 90\/DIE GR\u00dcNEN ist es in der heutigen Anh\u00f6rung zum kommunalen Finanzausgleich (KFA) gelungen, die sehr vielf\u00e4ltigen Finanzbeziehungen zwischen Land und Kommunen aus unterschiedlichen Blickwinkeln zu beleuchten. \u201eEs ist verst\u00e4ndlich, dass bei den Kommunalfinanzen ganz unterschiedliche Interessen aufeinanderprallen. Die Diskussionslinien verlaufen zwischen st\u00e4dtischen und l\u00e4ndlichen Regionen, zwischen finanzstarken und finanzschwachen &hellip;<\/p>\n<\/div>","protected":false},"author":1,"featured_media":0,"comment_status":"closed","ping_status":"closed","sticky":false,"template":"","format":"standard","meta":{"footnotes":""},"categories":[1,29],"tags":[],"class_list":["post-140028","post","type-post","status-publish","format-standard","hentry","category-startseite","category-politik"],"_links":{"self":[{"href":"https:\/\/www.fuldaernachrichten.de\/index.php?rest_route=\/wp\/v2\/posts\/140028","targetHints":{"allow":["GET"]}}],"collection":[{"href":"https:\/\/www.fuldaernachrichten.de\/index.php?rest_route=\/wp\/v2\/posts"}],"about":[{"href":"https:\/\/www.fuldaernachrichten.de\/index.php?rest_route=\/wp\/v2\/types\/post"}],"author":[{"embeddable":true,"href":"https:\/\/www.fuldaernachrichten.de\/index.php?rest_route=\/wp\/v2\/users\/1"}],"replies":[{"embeddable":true,"href":"https:\/\/www.fuldaernachrichten.de\/index.php?rest_route=%2Fwp%2Fv2%2Fcomments&post=140028"}],"version-history":[{"count":1,"href":"https:\/\/www.fuldaernachrichten.de\/index.php?rest_route=\/wp\/v2\/posts\/140028\/revisions"}],"predecessor-version":[{"id":140033,"href":"https:\/\/www.fuldaernachrichten.de\/index.php?rest_route=\/wp\/v2\/posts\/140028\/revisions\/140033"}],"wp:attachment":[{"href":"https:\/\/www.fuldaernachrichten.de\/index.php?rest_route=%2Fwp%2Fv2%2Fmedia&parent=140028"}],"wp:term":[{"taxonomy":"category","embeddable":true,"href":"https:\/\/www.fuldaernachrichten.de\/index.php?rest_route=%2Fwp%2Fv2%2Fcategories&post=140028"},{"taxonomy":"post_tag","embeddable":true,"href":"https:\/\/www.fuldaernachrichten.de\/index.php?rest_route=%2Fwp%2Fv2%2Ftags&post=140028"}],"curies":[{"name":"wp","href":"https:\/\/api.w.org\/{rel}","templated":true}]}}