{"id":140017,"date":"2015-06-17T13:57:15","date_gmt":"2015-06-17T11:57:15","guid":{"rendered":"http:\/\/www.fuldaer-nachrichten.de\/?p=140017"},"modified":"2015-06-17T13:57:15","modified_gmt":"2015-06-17T11:57:15","slug":"wandern-an-quellen","status":"publish","type":"post","link":"https:\/\/www.fuldaernachrichten.de\/?p=140017","title":{"rendered":"Wandern an Quellen"},"content":{"rendered":"<p>Zum 115. Deutschen Wandertag begr\u00fc\u00dft der Deutsche Wanderverband (DWV) Wanderer aus ganz Deutschland und den euro\u00c2\u00adp\u00e4ischen Nachbarregionen im Paderborner Land. Paderborn, die Wanderhauptstadt 2015, und deren Umland stehen in der Zeit vom 17. bis 22. Juni im Fokus der Wander\u00c2\u00adwelt.<\/p>\n<p>Paderborn \u2013 Mit \u00fcber 20.000 Besuchern rechnet der Deutsche Wanderverband (DWV) w\u00e4hrend des 115. Deutschen Wandertages. Unter dem Motto \u201eWandern an Quellen\u201c haben Stadt und Landkreis Paderborn sowie der Eggegebirgsverein als Veranstalter des Wandertages zahlreiche Wanderungen, eine Tourismusmesse sowie ein gro\u00dfes Rahmenprogramm organisiert. Als G\u00e4ste dabei sein werden unter anderem Sylvia L\u00f6hrmann, Nordrhein-Westfalens Ministerin f\u00fcr Schule und Weiterbildung sowie stellvertretende Ministerpr\u00e4sidentin des Landes, Ute Sch\u00e4fer, NRW-Ministerin f\u00fcr Familie, Kinder, Jugend, Kultur und Sport sowie der ehemalige Bundesumweltminister Professor Dr. Klaus T\u00f6pfer.<\/p>\n<p>DWV-Pr\u00e4sident Dr. Hans-Ulrich Rauchfu\u00df sprach w\u00e4hrend der Er\u00f6ffnungspressekonferenz zum Deutschen Wandertag in Paderborn \u00fcber die Bedeutung des Wanderns f\u00fcr Familien und besonders auch junge Menschen: \u201eKinder und Erwachsene profitieren. Wandern ist nicht nur gesund. Es hilft auch, Kinder und Jugendliche f\u00fcr die Natur zu sensibilisieren. Drau\u00dfen erfahren sie, dass es lohnt, biologische Vielfalt zu erhalten.\u201c<\/p>\n<p>Der Deutsche Wanderverband engagiert sich seit vielen Jahren f\u00fcr das Thema Schulwandern. So hat er ein entsprechendes Onlineportal aufgebaut (www.schulwandern.de) sowie \u2013 abgestimmt auf die Bundesl\u00e4nder \u2013 Fortbildungen zum zertifizierten Schulwanderf\u00fchrer entwickelt und eingef\u00fchrt. Schon zum zweiten Mal gibt es au\u00dferdem einen Wettbewerb, in dem besonders gelungene Schulwanderungen mit attraktiven Preisen belohnt werden. Nicht zuletzt wird das Thema Schulwandern auch in den DWV-Veranstaltungen w\u00e4hrend des Deutschen Wandertages in Paderborn eine zentrale Rolle spielen. Rauchfu\u00df: \u201eEs freut mich besonders, dass sich hier in der Region viele Organisationen f\u00fcr das Schulwandern engagieren. Der Eggegebirgsverein zum Beispiel unterst\u00fctzt alle, die mit Kindern und Jugendlichen raus gehen wollen. Der Verein gibt Tipps und hilft bei der Organisation.\u201c<\/p>\n<p>Der diesj\u00e4hrige Deutsche Wandertag macht Station in der Region, wo der Deutsche Wanderverband vor elf  Jahren den ersten Wanderweg als \u201eQualit\u00e4tsweg Wanderbares Deutschland\u201c zertifiziert hat. Der Eggeweg ist bis heute ohne Unterbrechung Qualit\u00e4tsweg. Rauchfu\u00df: \u201eInzwischen sind der Viadukt Wanderweg und j\u00fcngst auch der Paderborner H\u00f6henweg als Qualit\u00e4tswege dazu gekommen. Alle drei Wege sind alleine schon eine Reise in das Paderborner Land Wert.\u201c<\/p>\n<p>Mit der Stadt und dem Landkreis Paderborn sowie dem Eggegebirgsverein hat der Deutsche Wandertag drei Ausrichter, die \u00fcber viel Erfahrung bei der Organisation gro\u00dfer Veranstaltungen verf\u00fcgen. Der Eggegebirgsverein hat in seiner \u00fcber 100-j\u00e4hrigen Geschichte in den Jahren 1981 und 1998 bereits zwei Deutsche Wandertage auf die Beine gestellt.<\/p>\n<p>Ein H\u00f6hepunkt des Deutschen Wandertages wird der Empfang der Wandertagswimpel-Gruppe, die offizielle Er\u00f6ffnung der Veranstaltung, am Donnerstag, den 18. Juni. Der Wandertagswimpel als \u201eOlympisches Feuer\u201c des Deutschen Wandertages wird traditionell von Vertretern des Wandervereines, in dessen Region das Gro\u00dfereignis im Vorjahr stattgefunden hat, zum Austragungsort des kommenden Wandertages zu Fu\u00df gebracht. In diesem Jahr wird die Gruppe nach einem rund 250 Kilometer langen Fu\u00dfmarsch aus Bad Harzburg im Harz in Paderborn eintreffen. Fast schon legend\u00e4r sind auch die gro\u00dfen Festumz\u00fcge w\u00e4hrend der Deutschen Wandertage, in diesem Jahr am Sonntag, den 21. Juni. Mit weit mehr als 10.000 Teilnehmern wird in der Paderborner Innenstadt gerechnet. Die DWV-Tagungen der Hauptfachwarte Wandern, Wege, Kultur, Naturschutz sowie Medien und Familien finden am Freitag, den 19. Juni, statt.<\/p>\n<p>Der 116. Deutsche Wandertag wird vom 22. bis 26. Juni 2016 in Sebnitz in der S\u00e4chsischen Schweiz stattfinden. Wanderhauptstadt im Jahr 2017 wird vom 26. bis 31. Juli Eisenach in Th\u00fcringen.<\/p>\n","protected":false},"excerpt":{"rendered":"<div class=\"tmnf_excerpt\"><p>Zum 115. Deutschen Wandertag begr\u00fc\u00dft der Deutsche Wanderverband (DWV) Wanderer aus ganz Deutschland und den euro\u00c2\u00adp\u00e4ischen Nachbarregionen im Paderborner Land. Paderborn, die Wanderhauptstadt 2015, und deren Umland stehen in der Zeit vom 17. bis 22. Juni im Fokus der Wander\u00c2\u00adwelt. Paderborn \u2013 Mit \u00fcber 20.000 Besuchern rechnet der Deutsche Wanderverband (DWV) w\u00e4hrend des 115. Deutschen &hellip;<\/p>\n<\/div>","protected":false},"author":1,"featured_media":140018,"comment_status":"closed","ping_status":"closed","sticky":false,"template":"","format":"standard","meta":{"footnotes":""},"categories":[1],"tags":[],"class_list":["post-140017","post","type-post","status-publish","format-standard","has-post-thumbnail","hentry","category-startseite"],"_links":{"self":[{"href":"https:\/\/www.fuldaernachrichten.de\/index.php?rest_route=\/wp\/v2\/posts\/140017","targetHints":{"allow":["GET"]}}],"collection":[{"href":"https:\/\/www.fuldaernachrichten.de\/index.php?rest_route=\/wp\/v2\/posts"}],"about":[{"href":"https:\/\/www.fuldaernachrichten.de\/index.php?rest_route=\/wp\/v2\/types\/post"}],"author":[{"embeddable":true,"href":"https:\/\/www.fuldaernachrichten.de\/index.php?rest_route=\/wp\/v2\/users\/1"}],"replies":[{"embeddable":true,"href":"https:\/\/www.fuldaernachrichten.de\/index.php?rest_route=%2Fwp%2Fv2%2Fcomments&post=140017"}],"version-history":[{"count":1,"href":"https:\/\/www.fuldaernachrichten.de\/index.php?rest_route=\/wp\/v2\/posts\/140017\/revisions"}],"predecessor-version":[{"id":140019,"href":"https:\/\/www.fuldaernachrichten.de\/index.php?rest_route=\/wp\/v2\/posts\/140017\/revisions\/140019"}],"wp:featuredmedia":[{"embeddable":true,"href":"https:\/\/www.fuldaernachrichten.de\/index.php?rest_route=\/wp\/v2\/media\/140018"}],"wp:attachment":[{"href":"https:\/\/www.fuldaernachrichten.de\/index.php?rest_route=%2Fwp%2Fv2%2Fmedia&parent=140017"}],"wp:term":[{"taxonomy":"category","embeddable":true,"href":"https:\/\/www.fuldaernachrichten.de\/index.php?rest_route=%2Fwp%2Fv2%2Fcategories&post=140017"},{"taxonomy":"post_tag","embeddable":true,"href":"https:\/\/www.fuldaernachrichten.de\/index.php?rest_route=%2Fwp%2Fv2%2Ftags&post=140017"}],"curies":[{"name":"wp","href":"https:\/\/api.w.org\/{rel}","templated":true}]}}