{"id":139989,"date":"2015-06-17T13:46:49","date_gmt":"2015-06-17T11:46:49","guid":{"rendered":"http:\/\/www.fuldaer-nachrichten.de\/?p=139989"},"modified":"2015-06-17T13:46:49","modified_gmt":"2015-06-17T11:46:49","slug":"vorverkauf-startet-heute-am-1-juni-2016-in-der-lanxess-arena-koeln-niedeckens-bap-jubilaeumstour","status":"publish","type":"post","link":"https:\/\/www.fuldaernachrichten.de\/?p=139989","title":{"rendered":"Vorverkauf startet heute: Am 1. Juni 2016 in der LANXESS arena K\u00f6ln &#8211; NIEDECKENS BAP \u2013 Jubil\u00e4umstour"},"content":{"rendered":"<p>Im Juni 2016 j\u00e4hrt es sich zum 40. Mal, dass sich ein paar Jungs aus der K\u00f6lner S\u00fcdstadt zum Jammen verabredeten. Zun\u00e4chst wurden nur Stones, Kinks und Dylan-Songs gecovert, was sich aber peu \u00c3\u00a0 peu \u00e4nderte, nachdem der S\u00e4nger der damals noch namenlosen Band mit selbstgetexteten k\u00f6lschen Liedern auftauchte. Der erste davon hie\u00df: \u201eHelfe, kann dir keiner\u201c. \u201eAnna\u201c und \u201eJraaduss\u201c lie\u00dfen nicht lange auf sich warten und schlie\u00dflich \u00fcberredete jemand die Band zum ersten Auftritt. Und zwar auf einer Protestveranstaltung gegen den Bau der geplanten Stadtautobahn im K\u00f6ln-Nippeser Mariensaal.<\/p>\n<p>Vorher musste allerdings noch ein Bandname her. Da Wolfgang Niedecken auch auf seinen Spitznamen \u201eBapp\u201c h\u00f6rte, war dieser schnell gefunden. Man musste nur das zweite \u201eP\u201c weglassen und BAP in Gro\u00dfbuchstaben schreiben, fertig war ein Markenzeichen, das l\u00e4ngst nicht mehr aus der deutschen Rock-Landschaft wegzudenken ist.<\/p>\n<p>18 Studio-, 6 Live- und 4 Niedecken-Solo-Alben sp\u00e4ter wird die, im Laufe der Jahre wiederholt umbesetzte Band ab Mai mit einem Jubil\u00e4ums-Programm unterwegs sein, das die beliebtesten Lieder aus 40 Jahren Bandgeschichte auf die B\u00fchne bringt. Auch der eine oder andere Song vom, im Januar 2016 erscheinenden neuen Studio-Album, wird dabei sein, aber der Schwerpunkt wird diesmal eindeutig auf den Big Hits liegen.<\/p>\n<p>Pre-Sale Eventim: 17.06.2015<br \/>\nAllgemeiner Vorverkaufsstart: 19.06.2015 unter der LANXESS arena-Tickethotline 0221-8020<br \/>\nim LANXESS arena Ticketshop (Willy-Brandt-Platz 2, 50679 K\u00f6ln), im Internet www.lanxess-arena.de<br \/>\nund an allen bekannten Vorverkaufsstellen.<\/p>\n","protected":false},"excerpt":{"rendered":"<div class=\"tmnf_excerpt\"><p>Im Juni 2016 j\u00e4hrt es sich zum 40. Mal, dass sich ein paar Jungs aus der K\u00f6lner S\u00fcdstadt zum Jammen verabredeten. Zun\u00e4chst wurden nur Stones, Kinks und Dylan-Songs gecovert, was sich aber peu \u00c3\u00a0 peu \u00e4nderte, nachdem der S\u00e4nger der damals noch namenlosen Band mit selbstgetexteten k\u00f6lschen Liedern auftauchte. Der erste davon hie\u00df: \u201eHelfe, kann &hellip;<\/p>\n<\/div>","protected":false},"author":1,"featured_media":139990,"comment_status":"closed","ping_status":"closed","sticky":false,"template":"","format":"standard","meta":{"footnotes":""},"categories":[1,44],"tags":[],"class_list":["post-139989","post","type-post","status-publish","format-standard","has-post-thumbnail","hentry","category-startseite","category-kultur"],"_links":{"self":[{"href":"https:\/\/www.fuldaernachrichten.de\/index.php?rest_route=\/wp\/v2\/posts\/139989","targetHints":{"allow":["GET"]}}],"collection":[{"href":"https:\/\/www.fuldaernachrichten.de\/index.php?rest_route=\/wp\/v2\/posts"}],"about":[{"href":"https:\/\/www.fuldaernachrichten.de\/index.php?rest_route=\/wp\/v2\/types\/post"}],"author":[{"embeddable":true,"href":"https:\/\/www.fuldaernachrichten.de\/index.php?rest_route=\/wp\/v2\/users\/1"}],"replies":[{"embeddable":true,"href":"https:\/\/www.fuldaernachrichten.de\/index.php?rest_route=%2Fwp%2Fv2%2Fcomments&post=139989"}],"version-history":[{"count":1,"href":"https:\/\/www.fuldaernachrichten.de\/index.php?rest_route=\/wp\/v2\/posts\/139989\/revisions"}],"predecessor-version":[{"id":139997,"href":"https:\/\/www.fuldaernachrichten.de\/index.php?rest_route=\/wp\/v2\/posts\/139989\/revisions\/139997"}],"wp:featuredmedia":[{"embeddable":true,"href":"https:\/\/www.fuldaernachrichten.de\/index.php?rest_route=\/wp\/v2\/media\/139990"}],"wp:attachment":[{"href":"https:\/\/www.fuldaernachrichten.de\/index.php?rest_route=%2Fwp%2Fv2%2Fmedia&parent=139989"}],"wp:term":[{"taxonomy":"category","embeddable":true,"href":"https:\/\/www.fuldaernachrichten.de\/index.php?rest_route=%2Fwp%2Fv2%2Fcategories&post=139989"},{"taxonomy":"post_tag","embeddable":true,"href":"https:\/\/www.fuldaernachrichten.de\/index.php?rest_route=%2Fwp%2Fv2%2Ftags&post=139989"}],"curies":[{"name":"wp","href":"https:\/\/api.w.org\/{rel}","templated":true}]}}