{"id":139987,"date":"2015-06-17T10:49:08","date_gmt":"2015-06-17T08:49:08","guid":{"rendered":"http:\/\/www.fuldaer-nachrichten.de\/?p=139987"},"modified":"2015-06-17T10:49:08","modified_gmt":"2015-06-17T08:49:08","slug":"mit-adams-aepfeln-kuchen-backen","status":"publish","type":"post","link":"https:\/\/www.fuldaernachrichten.de\/?p=139987","title":{"rendered":"Mit Adams \u00c4pfeln Kuchen backen"},"content":{"rendered":"<p>Im Bonhoeffer-Haus Fulda, Goerdelerstr. 34, wird am Freitag, 19.06.2015 um 19.30 Uhr ein Filmabend veranstaltet.  Gezeigt wird ein aus D\u00e4nemark stammender tragikomischer Film mit viel schwarzem Humor aus dem Jahr 2005 des Regisseurs Anders Thomas Jensen. Der Film, der mit unz\u00e4hligen Preisen ausgezeichnet wurde, handelt von einem unverbesserlichen Pfarrer, der entgegen aller Umst\u00e4nde und Ereignisse weiterhin an das Gute im Menschen glaubt und versucht, mit Kuchen backen und \u00c4pfel pfl\u00fccken Sexualstraft\u00e4ter und Neonazis wieder auf die rechte Bahn zu bringen.<\/p>\n<p>Das Bonhoeffer-Haus verf\u00fcgt Dank F\u00f6rdergeldern aus dem Innovationsfund des Kirchenkreises Fulda mittlerweile \u00fcber ein Dolby-Surround-System, das auch hohe Erwartungen ans Seh- und H\u00f6rerlebnis befriedigt.<\/p>\n<p>Der Eintritt ist wie immer kostenlos. Um Spenden wird gebeten.<\/p>\n","protected":false},"excerpt":{"rendered":"<div class=\"tmnf_excerpt\"><p>Im Bonhoeffer-Haus Fulda, Goerdelerstr. 34, wird am Freitag, 19.06.2015 um 19.30 Uhr ein Filmabend veranstaltet. Gezeigt wird ein aus D\u00e4nemark stammender tragikomischer Film mit viel schwarzem Humor aus dem Jahr 2005 des Regisseurs Anders Thomas Jensen. Der Film, der mit unz\u00e4hligen Preisen ausgezeichnet wurde, handelt von einem unverbesserlichen Pfarrer, der entgegen aller Umst\u00e4nde und Ereignisse &hellip;<\/p>\n<\/div>","protected":false},"author":1,"featured_media":0,"comment_status":"closed","ping_status":"closed","sticky":false,"template":"","format":"standard","meta":{"footnotes":""},"categories":[50],"tags":[],"class_list":["post-139987","post","type-post","status-publish","format-standard","hentry","category-kirche"],"_links":{"self":[{"href":"https:\/\/www.fuldaernachrichten.de\/index.php?rest_route=\/wp\/v2\/posts\/139987","targetHints":{"allow":["GET"]}}],"collection":[{"href":"https:\/\/www.fuldaernachrichten.de\/index.php?rest_route=\/wp\/v2\/posts"}],"about":[{"href":"https:\/\/www.fuldaernachrichten.de\/index.php?rest_route=\/wp\/v2\/types\/post"}],"author":[{"embeddable":true,"href":"https:\/\/www.fuldaernachrichten.de\/index.php?rest_route=\/wp\/v2\/users\/1"}],"replies":[{"embeddable":true,"href":"https:\/\/www.fuldaernachrichten.de\/index.php?rest_route=%2Fwp%2Fv2%2Fcomments&post=139987"}],"version-history":[{"count":1,"href":"https:\/\/www.fuldaernachrichten.de\/index.php?rest_route=\/wp\/v2\/posts\/139987\/revisions"}],"predecessor-version":[{"id":139988,"href":"https:\/\/www.fuldaernachrichten.de\/index.php?rest_route=\/wp\/v2\/posts\/139987\/revisions\/139988"}],"wp:attachment":[{"href":"https:\/\/www.fuldaernachrichten.de\/index.php?rest_route=%2Fwp%2Fv2%2Fmedia&parent=139987"}],"wp:term":[{"taxonomy":"category","embeddable":true,"href":"https:\/\/www.fuldaernachrichten.de\/index.php?rest_route=%2Fwp%2Fv2%2Fcategories&post=139987"},{"taxonomy":"post_tag","embeddable":true,"href":"https:\/\/www.fuldaernachrichten.de\/index.php?rest_route=%2Fwp%2Fv2%2Ftags&post=139987"}],"curies":[{"name":"wp","href":"https:\/\/api.w.org\/{rel}","templated":true}]}}