{"id":13997,"date":"2008-11-13T00:19:50","date_gmt":"2008-11-12T23:19:50","guid":{"rendered":"http:\/\/www.schoene-nachrichten.de\/?p=13997"},"modified":"2008-11-12T17:26:20","modified_gmt":"2008-11-12T16:26:20","slug":"die-kinder-des-kinderhaus-st-luise-treffen-den-heiligen-paulus","status":"publish","type":"post","link":"https:\/\/www.fuldaernachrichten.de\/?p=13997","title":{"rendered":"Kinder des Kinderhaus St. Luise treffen den heiligen Paulus"},"content":{"rendered":"<p><strong>Fulda. <\/strong>Am Mittwochvormittag trafen sich die Vorschulkinder des Kinderhauses St. Luise, um gemeinsam etwas \u00fcber das Leben des Heiligen Paulus zu erfahren. Nach einer kleinen Einf\u00fchrung mit aktuellen Fotos von Stationen seinens Lebens in Damaskus und Rom machten sich die 17 Vorschulkinder mit ihren Erzieherinnnen auf den Weg zum Franziskanerkloster auf den Frauenberg. Dort findet noch bis Sonntag, 16.11.2008, eine Ausstellung zum Thema &#8220;Paulus &#8211; Bilder seines Lebens&#8221; statt, die von der Franziskanischen Gemeinschaft Fulda, Gruppe Klara gestaltet worden ist.<\/p>\n<p><strong>Fotos (3):<\/strong> Kinderhaus Luise<\/p>\n<p><a rel=\"lightbox[roadtrip]\" href=\"http:\/\/www.schoene-nachrichten.de\/wp-content\/uploads\/2008\/11\/081112_kinderhaus11.jpg\" target=\"_blank\"><img decoding=\"async\" class=\"alignnone size-thumbnail wp-image-14001\" title=\"081112_kinderhaus11\" src=\"http:\/\/www.schoene-nachrichten.de\/wp-content\/uploads\/2008\/11\/081112_kinderhaus11-128x85.jpg\" alt=\"\" width=\"128\" height=\"85\" \/> <\/a><a rel=\"lightbox[roadtrip]\" href=\"http:\/\/www.schoene-nachrichten.de\/wp-content\/uploads\/2008\/11\/081112_kinderhaus3.jpg\" target=\"_blank\"><img decoding=\"async\" class=\"alignnone size-thumbnail wp-image-14004\" title=\"081112_kinderhaus3\" src=\"http:\/\/www.schoene-nachrichten.de\/wp-content\/uploads\/2008\/11\/081112_kinderhaus3-128x85.jpg\" alt=\"\" width=\"128\" height=\"85\" \/> <\/a><a rel=\"lightbox[roadtrip]\" href=\"http:\/\/www.schoene-nachrichten.de\/wp-content\/uploads\/2008\/11\/081112_kinderhaus21.jpg\" target=\"_blank\"><img decoding=\"async\" class=\"alignnone size-thumbnail wp-image-14003\" title=\"081112_kinderhaus21\" src=\"http:\/\/www.schoene-nachrichten.de\/wp-content\/uploads\/2008\/11\/081112_kinderhaus21-128x85.jpg\" alt=\"\" width=\"128\" height=\"85\" \/><!--more--><\/a><\/p>\n<p>Alle Kinder wurden sehr herzlich begr\u00fc\u00dft und durften anschlie\u00dfend die Ausstellung ansehen. Anhand von acht Stationen erfuhren die Kinder etwas \u00fcber das Leben des Heiligen Paulus vor, w\u00e4hrend und nach seiner Berufung in Damaskus. Durch die Darstellung mit biblischen Erz\u00e4hlfiguren und vielen zus\u00e4tzlichen Details konnten sich die Kinder die einzelnen Situationen sehr gut vorstellen. Zu jeder Station gab es Hinweisschilder mit wichtigen Informationen, die an die Kinder weitergegeben wurden. Weil alle Kinder so lieb und aufmerksam waren, bekamen sie zum Schlu\u00df von einem Bruder sogar noch eine Belohnung.<\/p>\n","protected":false},"excerpt":{"rendered":"<div class=\"tmnf_excerpt\"><p>Fulda. Am Mittwochvormittag trafen sich die Vorschulkinder des Kinderhauses St. Luise, um gemeinsam etwas \u00fcber das Leben des Heiligen Paulus zu erfahren. Nach einer kleinen Einf\u00fchrung mit aktuellen Fotos von Stationen seinens Lebens in Damaskus und Rom machten sich die 17 Vorschulkinder mit ihren Erzieherinnnen auf den Weg zum Franziskanerkloster auf den Frauenberg. Dort findet &hellip;<\/p>\n<\/div>","protected":false},"author":1,"featured_media":0,"comment_status":"closed","ping_status":"closed","sticky":false,"template":"","format":"standard","meta":{"footnotes":""},"categories":[1,72],"tags":[],"class_list":["post-13997","post","type-post","status-publish","format-standard","hentry","category-startseite","category-jugend"],"_links":{"self":[{"href":"https:\/\/www.fuldaernachrichten.de\/index.php?rest_route=\/wp\/v2\/posts\/13997","targetHints":{"allow":["GET"]}}],"collection":[{"href":"https:\/\/www.fuldaernachrichten.de\/index.php?rest_route=\/wp\/v2\/posts"}],"about":[{"href":"https:\/\/www.fuldaernachrichten.de\/index.php?rest_route=\/wp\/v2\/types\/post"}],"author":[{"embeddable":true,"href":"https:\/\/www.fuldaernachrichten.de\/index.php?rest_route=\/wp\/v2\/users\/1"}],"replies":[{"embeddable":true,"href":"https:\/\/www.fuldaernachrichten.de\/index.php?rest_route=%2Fwp%2Fv2%2Fcomments&post=13997"}],"version-history":[{"count":4,"href":"https:\/\/www.fuldaernachrichten.de\/index.php?rest_route=\/wp\/v2\/posts\/13997\/revisions"}],"predecessor-version":[{"id":14015,"href":"https:\/\/www.fuldaernachrichten.de\/index.php?rest_route=\/wp\/v2\/posts\/13997\/revisions\/14015"}],"wp:attachment":[{"href":"https:\/\/www.fuldaernachrichten.de\/index.php?rest_route=%2Fwp%2Fv2%2Fmedia&parent=13997"}],"wp:term":[{"taxonomy":"category","embeddable":true,"href":"https:\/\/www.fuldaernachrichten.de\/index.php?rest_route=%2Fwp%2Fv2%2Fcategories&post=13997"},{"taxonomy":"post_tag","embeddable":true,"href":"https:\/\/www.fuldaernachrichten.de\/index.php?rest_route=%2Fwp%2Fv2%2Ftags&post=13997"}],"curies":[{"name":"wp","href":"https:\/\/api.w.org\/{rel}","templated":true}]}}