{"id":139968,"date":"2015-06-17T10:42:08","date_gmt":"2015-06-17T08:42:08","guid":{"rendered":"http:\/\/www.fuldaer-nachrichten.de\/?p=139968"},"modified":"2015-06-17T10:42:08","modified_gmt":"2015-06-17T08:42:08","slug":"lebenskunst-ein-sommerworkshop-fuer-erwachsene-zwischen-50-und-100-jahren","status":"publish","type":"post","link":"https:\/\/www.fuldaernachrichten.de\/?p=139968","title":{"rendered":"Lebenskunst- ein Sommerworkshop f\u00fcr Erwachsene zwischen 50 und 100 Jahren."},"content":{"rendered":"<p>Der f\u00fcnft\u00e4gige Workshop befasst sich mit einigen Themen, die wichtiger werden, je \u00e4lter man wird: Herzensw\u00fcnsche und Lebenstr\u00e4ume oder die Frage, wie gehe ich um- mit dem, was ich am liebsten hinter mir lassen w\u00fcrde oder auch neu beginnen m\u00f6chte? In einer kleinen Gruppe (maximal 7 Personen) widmen wir uns an jedem Nachmittag einem besonderen Thema und setzen uns k\u00fcnstlerisch damit auseinander.  So steht zum Beispiel der Montag unter der \u00dcberschrift \u201eAltes Eisen oder Kunst?\u201c und am Dienstag geht es weiter mit \u201eEin St\u00fcck vom Himmel\u201c.<br \/>\nDie Veranstalterin ist Martina Fuchs, k\u00fcnstlerische Begleiterin f\u00fcr Menschen im Alter (www.martinafuchsfulda.de). Anmeldung ist telefonisch m\u00f6glich (Telefon:  0661 95 29649)<br \/>\nTermin: 27.-31. Juli 2015, jeweils von 14:00-18:00 Uhr<br \/>\nOrt: Caf\u00e9 Kultur im Mediana-Pflegestift, Fulda, Rangstra\u00dfe 33<br \/>\nPreis: 15\u00e2\u201a\u00ac pro Tag und Person  <\/p>\n","protected":false},"excerpt":{"rendered":"<div class=\"tmnf_excerpt\"><p>Der f\u00fcnft\u00e4gige Workshop befasst sich mit einigen Themen, die wichtiger werden, je \u00e4lter man wird: Herzensw\u00fcnsche und Lebenstr\u00e4ume oder die Frage, wie gehe ich um- mit dem, was ich am liebsten hinter mir lassen w\u00fcrde oder auch neu beginnen m\u00f6chte? In einer kleinen Gruppe (maximal 7 Personen) widmen wir uns an jedem Nachmittag einem besonderen &hellip;<\/p>\n<\/div>","protected":false},"author":1,"featured_media":0,"comment_status":"closed","ping_status":"closed","sticky":false,"template":"","format":"standard","meta":{"footnotes":""},"categories":[1],"tags":[],"class_list":["post-139968","post","type-post","status-publish","format-standard","hentry","category-startseite"],"_links":{"self":[{"href":"https:\/\/www.fuldaernachrichten.de\/index.php?rest_route=\/wp\/v2\/posts\/139968","targetHints":{"allow":["GET"]}}],"collection":[{"href":"https:\/\/www.fuldaernachrichten.de\/index.php?rest_route=\/wp\/v2\/posts"}],"about":[{"href":"https:\/\/www.fuldaernachrichten.de\/index.php?rest_route=\/wp\/v2\/types\/post"}],"author":[{"embeddable":true,"href":"https:\/\/www.fuldaernachrichten.de\/index.php?rest_route=\/wp\/v2\/users\/1"}],"replies":[{"embeddable":true,"href":"https:\/\/www.fuldaernachrichten.de\/index.php?rest_route=%2Fwp%2Fv2%2Fcomments&post=139968"}],"version-history":[{"count":1,"href":"https:\/\/www.fuldaernachrichten.de\/index.php?rest_route=\/wp\/v2\/posts\/139968\/revisions"}],"predecessor-version":[{"id":139969,"href":"https:\/\/www.fuldaernachrichten.de\/index.php?rest_route=\/wp\/v2\/posts\/139968\/revisions\/139969"}],"wp:attachment":[{"href":"https:\/\/www.fuldaernachrichten.de\/index.php?rest_route=%2Fwp%2Fv2%2Fmedia&parent=139968"}],"wp:term":[{"taxonomy":"category","embeddable":true,"href":"https:\/\/www.fuldaernachrichten.de\/index.php?rest_route=%2Fwp%2Fv2%2Fcategories&post=139968"},{"taxonomy":"post_tag","embeddable":true,"href":"https:\/\/www.fuldaernachrichten.de\/index.php?rest_route=%2Fwp%2Fv2%2Ftags&post=139968"}],"curies":[{"name":"wp","href":"https:\/\/api.w.org\/{rel}","templated":true}]}}