{"id":139963,"date":"2015-06-17T10:40:54","date_gmt":"2015-06-17T08:40:54","guid":{"rendered":"http:\/\/www.fuldaer-nachrichten.de\/?p=139963"},"modified":"2015-06-17T13:52:01","modified_gmt":"2015-06-17T11:52:01","slug":"techniker-krankenkasse-in-hessen-begruesst-staerkung-des-impfschutzes","status":"publish","type":"post","link":"https:\/\/www.fuldaernachrichten.de\/?p=139963","title":{"rendered":"Techniker Krankenkasse in Hessen begr\u00fc\u00dft St\u00e4rkung des Impfschutzes"},"content":{"rendered":"<p>Am morgigen Donnerstag soll das Pr\u00e4ventionsgesetz im Bundestag verabschiedet werden. Die Techniker Krankenkasse (TK) in Hessen begr\u00fc\u00dft, dass mit dem Gesetz k\u00fcnftig ein verl\u00e4ssliches Finanzvolumen f\u00fcr Gesundheitsf\u00f6rderung garantiert zur Verf\u00fcgung steht. &#8220;Pr\u00e4vention ist richtig, weil sie erreichen kann, dass Menschen gar nicht erst krank werden&#8221;, sagt Dr. Barbara Vo\u00df, Leiterin der TK-Landesvertretung Hessen.<\/p>\n<p>Die TK bef\u00fcrwortet, dass mit dem Gesetz der Impfschutz f\u00fcr Kinder und Erwachsene insbesondere gegen die hochansteckende Masern-Erkrankung gest\u00e4rkt werden soll. Zudem m\u00fcssen Kinder bei der Erstaufnahme in eine Kindertagesst\u00e4tte k\u00fcnftig eine \u00e4rztliche Impfberatung nachweisen.<\/p>\n<p>&#8220;Ein besserer Impfschutz kann durch Masern verursachte Infektionsketten in Schulen und anderen Gemeinschaftseinrichtungen wirksam verhindern&#8221;, sagt Dr. Vo\u00df. In Hessen haben immer noch sechs von 100 Abc-Sch\u00fctzen keinen ausreichenden Schutz gegen Masern. W\u00e4hrend die Impfquote der ersten Masern-Impfung bei 97,2 Prozent liegt, erscheinen zur zweiten Impfung lediglich 93,7 Prozent der Kinder. Wird die zweite Masern-Impfung versp\u00e4tet gegeben, steigt f\u00fcr die betroffenen Kinder das Risiko einer Erkrankung.<\/p>\n<p>Die Masern-Impfung sch\u00fctzt nicht nur den gr\u00f6\u00dften Teil der Geimpften, sondern durch die sogenannte &#8220;Herdenimmunit\u00e4t&#8221; auch Neugeborene und S\u00e4uglinge vor deren erster Impfung. Mit einer Impfung sch\u00fctzt sich also nicht nur jeder einzelne selbst, sondern auch andere vor der Krankheit. Nach der zweiten Masern-Impfung entwickeln nahezu 100 Prozent der Geimpften eine lebenslange Immunit\u00e4t gegen die Krankheit.<\/p>\n<p>Das Pr\u00e4ventionsgesetz regelt au\u00dferdem, dass die gesetzlichen Krankenkassen k\u00fcnftig sieben Euro je Versicherten f\u00fcr die Gesundheitsvorsorge ausgeben. Davon sollen 45 Cent \u2013 insgesamt 31,5 Millionen Euro \u2013 an die Bundeszentrale f\u00fcr gesundheitliche Aufkl\u00e4rung (BZgA) abgef\u00fchrt werden, die damit eigene Pr\u00e4ventionsprojekte gestaltet. &#8220;Es darf nicht sein, dass die gesetzlichen Krankenkassen mit Versichertengeldern Projekte einer Beh\u00f6rde finanzieren, die sie nicht selbst verantworten. Wir haben zudem erhebliche Zweifel, dass eine Bundesbeh\u00f6rde wei\u00df, welcher konkrete Bedarf an Pr\u00e4ventionsprojekten in Hessen besteht&#8221;, so Vo\u00df.<\/p>\n","protected":false},"excerpt":{"rendered":"<div class=\"tmnf_excerpt\"><p>Am morgigen Donnerstag soll das Pr\u00e4ventionsgesetz im Bundestag verabschiedet werden. Die Techniker Krankenkasse (TK) in Hessen begr\u00fc\u00dft, dass mit dem Gesetz k\u00fcnftig ein verl\u00e4ssliches Finanzvolumen f\u00fcr Gesundheitsf\u00f6rderung garantiert zur Verf\u00fcgung steht. &#8220;Pr\u00e4vention ist richtig, weil sie erreichen kann, dass Menschen gar nicht erst krank werden&#8221;, sagt Dr. Barbara Vo\u00df, Leiterin der TK-Landesvertretung Hessen. Die TK &hellip;<\/p>\n<\/div>","protected":false},"author":1,"featured_media":0,"comment_status":"closed","ping_status":"closed","sticky":false,"template":"","format":"standard","meta":{"footnotes":""},"categories":[1,51],"tags":[],"class_list":["post-139963","post","type-post","status-publish","format-standard","hentry","category-startseite","category-medizin"],"_links":{"self":[{"href":"https:\/\/www.fuldaernachrichten.de\/index.php?rest_route=\/wp\/v2\/posts\/139963","targetHints":{"allow":["GET"]}}],"collection":[{"href":"https:\/\/www.fuldaernachrichten.de\/index.php?rest_route=\/wp\/v2\/posts"}],"about":[{"href":"https:\/\/www.fuldaernachrichten.de\/index.php?rest_route=\/wp\/v2\/types\/post"}],"author":[{"embeddable":true,"href":"https:\/\/www.fuldaernachrichten.de\/index.php?rest_route=\/wp\/v2\/users\/1"}],"replies":[{"embeddable":true,"href":"https:\/\/www.fuldaernachrichten.de\/index.php?rest_route=%2Fwp%2Fv2%2Fcomments&post=139963"}],"version-history":[{"count":2,"href":"https:\/\/www.fuldaernachrichten.de\/index.php?rest_route=\/wp\/v2\/posts\/139963\/revisions"}],"predecessor-version":[{"id":140012,"href":"https:\/\/www.fuldaernachrichten.de\/index.php?rest_route=\/wp\/v2\/posts\/139963\/revisions\/140012"}],"wp:attachment":[{"href":"https:\/\/www.fuldaernachrichten.de\/index.php?rest_route=%2Fwp%2Fv2%2Fmedia&parent=139963"}],"wp:term":[{"taxonomy":"category","embeddable":true,"href":"https:\/\/www.fuldaernachrichten.de\/index.php?rest_route=%2Fwp%2Fv2%2Fcategories&post=139963"},{"taxonomy":"post_tag","embeddable":true,"href":"https:\/\/www.fuldaernachrichten.de\/index.php?rest_route=%2Fwp%2Fv2%2Ftags&post=139963"}],"curies":[{"name":"wp","href":"https:\/\/api.w.org\/{rel}","templated":true}]}}