{"id":139953,"date":"2015-06-17T10:39:02","date_gmt":"2015-06-17T08:39:02","guid":{"rendered":"http:\/\/www.fuldaer-nachrichten.de\/?p=139953"},"modified":"2015-06-17T10:39:02","modified_gmt":"2015-06-17T08:39:02","slug":"cwe-bestaetigt-vorstand-fuer-wahlkampf-2016-gut-aufgestellt","status":"publish","type":"post","link":"https:\/\/www.fuldaernachrichten.de\/?p=139953","title":{"rendered":"CWE best\u00e4tigt Vorstand: F\u00fcr Wahlkampf 2016 gut aufgestellt"},"content":{"rendered":"<p>Aktuelle Themen der Stadtpolitik, sowie Rechenschafsberichte und Neuwahlen  des Vorstandes standen im  Mittelpunkt der gut besuchten diesj\u00e4hrigen Jahreshauptversammlung der CWE Fulda, in der Grillenburg.<\/p>\n<p>In einem Bericht \u00fcber die Arbeit der CWE, ging der Stadtverbandsvorsitzende, Martin Jahn, zun\u00e4chst auf einige aktuelle Themen der Stadtpolitik ein.<\/p>\n<p>Bezugnehmend auf die aktuelle Diskussion \u00fcber die starken Besch\u00e4digungen der Platten auf dem Karstadtplatz und dem Dauerthema Kinderbetreuung am Klinikum Fulda, forderte Martin Jahn, die Kritik der B\u00fcrger an der Stadtverwaltung ernst zu nehmen und endlich Abhilfe zu schaffen.<br \/>\nMartin Jahn: \u201e In den letzten Monaten wurde unsere Fraktion und der Stadtverband vermehrt von betroffenen B\u00fcrgern auf die unakzeptable Situation der \u201eNICHT\u201c Kinderbetreuung am Klinikum Fulda angesprochen. Gerade kleine Kinder kann man nicht zu jedem Besuch, Arztgespr\u00e4ch oder zur Abschiedsnahme eines Angeh\u00f6rigen mit auf Station nehmen. Nicht zu vergessen die Stationen mit Karant\u00e4ne. Hier muss man als Moderne Einrichtung eine Kinderbetreuung wie z.B. in Marburg, anbieten k\u00f6nnen. <\/p>\n<p>Hier fordern wir von der CWE seit langen das Einrichten dieser Betreuungsm\u00f6glichkeit\u201c, so Jahn. Von Seiten der Stadt sieht die CWE jedoch wenig Interesse hier t\u00e4tig zu werden. Zum Thema Ausbesserung der defekten Platten auf dem Karstadtplatz und die Frage nach den Verursacher bzw. ob zur Ausbesserung der Besch\u00e4digten Platten noch eine Garantie gegen\u00fcber des Lieferanten besteht, bekommt man von Seiten des Stadtbaurates auch nur halbherzige Aussagen.<br \/>\nDer Vorstand des Stadtverbandes wurde mit gro\u00dfer Mehrheit entlastet und best\u00e4tigt. Als Stadtverbandsvorsitzender wurde Martin Jahn von den Mitgliedern erneut zum Vorsitzenden gew\u00e4hlt. Als Vertreter wurden Pia-Maria Schindler und Gerhard Becker gew\u00e4hlt. Schatzmeister Rainer Kohlstruck wurde ebenfalls in seinem Amt best\u00e4tigt. <\/p>\n<p>Gerhard Becker: \u201e F\u00fcr den kommenden Wahlkampf sind wir sehr gut aufgestellt. Wir haben gutes Personal und gute Themen. Wir hatten selten so einen guten Zulauf aus der B\u00fcrgerschaft wie zurzeit. Wir freuen uns auf den kommenden Wahlkampf.\u201c<\/p>\n<p>Gru\u00dfworte sprach an diesem Abend der Kreistagsabgeordnete Rainer Kohlstruck, der zum Thema S\u00fcdlink und Stadtpolitik referierte sowie die Kreistagsabgeordnete und stellvert. CWE Kreisvorsitzende Rita Baier, die dem Stadtverband Fulda ihre Unterst\u00fctzung zusagte. Ebenfalls begr\u00fc\u00dfen konnte der Stadtverband den CWE Keisgesch\u00e4ftsf\u00fchrer Lothar Kircher, der dem Stadtverband angeh\u00f6rt.<\/p>\n<p>Vorsitzender     Martin Jahn<br \/>\nStellvert.     Gerhard Becker und Pia Maria Schindler<br \/>\nSchatzmeister    Rainer Kohlstruck<\/p>\n","protected":false},"excerpt":{"rendered":"<div class=\"tmnf_excerpt\"><p>Aktuelle Themen der Stadtpolitik, sowie Rechenschafsberichte und Neuwahlen des Vorstandes standen im Mittelpunkt der gut besuchten diesj\u00e4hrigen Jahreshauptversammlung der CWE Fulda, in der Grillenburg. In einem Bericht \u00fcber die Arbeit der CWE, ging der Stadtverbandsvorsitzende, Martin Jahn, zun\u00e4chst auf einige aktuelle Themen der Stadtpolitik ein. Bezugnehmend auf die aktuelle Diskussion \u00fcber die starken Besch\u00e4digungen der &hellip;<\/p>\n<\/div>","protected":false},"author":1,"featured_media":139958,"comment_status":"closed","ping_status":"closed","sticky":false,"template":"","format":"standard","meta":{"footnotes":""},"categories":[29],"tags":[],"class_list":["post-139953","post","type-post","status-publish","format-standard","has-post-thumbnail","hentry","category-politik"],"_links":{"self":[{"href":"https:\/\/www.fuldaernachrichten.de\/index.php?rest_route=\/wp\/v2\/posts\/139953","targetHints":{"allow":["GET"]}}],"collection":[{"href":"https:\/\/www.fuldaernachrichten.de\/index.php?rest_route=\/wp\/v2\/posts"}],"about":[{"href":"https:\/\/www.fuldaernachrichten.de\/index.php?rest_route=\/wp\/v2\/types\/post"}],"author":[{"embeddable":true,"href":"https:\/\/www.fuldaernachrichten.de\/index.php?rest_route=\/wp\/v2\/users\/1"}],"replies":[{"embeddable":true,"href":"https:\/\/www.fuldaernachrichten.de\/index.php?rest_route=%2Fwp%2Fv2%2Fcomments&post=139953"}],"version-history":[{"count":1,"href":"https:\/\/www.fuldaernachrichten.de\/index.php?rest_route=\/wp\/v2\/posts\/139953\/revisions"}],"predecessor-version":[{"id":139959,"href":"https:\/\/www.fuldaernachrichten.de\/index.php?rest_route=\/wp\/v2\/posts\/139953\/revisions\/139959"}],"wp:featuredmedia":[{"embeddable":true,"href":"https:\/\/www.fuldaernachrichten.de\/index.php?rest_route=\/wp\/v2\/media\/139958"}],"wp:attachment":[{"href":"https:\/\/www.fuldaernachrichten.de\/index.php?rest_route=%2Fwp%2Fv2%2Fmedia&parent=139953"}],"wp:term":[{"taxonomy":"category","embeddable":true,"href":"https:\/\/www.fuldaernachrichten.de\/index.php?rest_route=%2Fwp%2Fv2%2Fcategories&post=139953"},{"taxonomy":"post_tag","embeddable":true,"href":"https:\/\/www.fuldaernachrichten.de\/index.php?rest_route=%2Fwp%2Fv2%2Ftags&post=139953"}],"curies":[{"name":"wp","href":"https:\/\/api.w.org\/{rel}","templated":true}]}}