{"id":139951,"date":"2015-06-17T10:36:32","date_gmt":"2015-06-17T08:36:32","guid":{"rendered":"http:\/\/www.fuldaer-nachrichten.de\/?p=139951"},"modified":"2015-06-17T10:36:32","modified_gmt":"2015-06-17T08:36:32","slug":"buendnis90die-gruenen-weisen-angriffe-der-linken-zur-umsetzung-des-vergabegesetzes-im-vogelsbergkreis-zurueck","status":"publish","type":"post","link":"https:\/\/www.fuldaernachrichten.de\/?p=139951","title":{"rendered":"B\u00fcndnis90\/Die Gr\u00fcnen weisen Angriffe der Linken zur Umsetzung des Vergabegesetzes im Vogelsbergkreis zur\u00fcck"},"content":{"rendered":"<p>Das Hessische Vergabe- und Tariftreuegesetz gibt den Kreisen und Kommunen die M\u00f6glichkeit, neben der Wirtschaftlichkeit auch soziale und \u00f6kologische Belange in den Ausschreibungen festzulegen. Die Koalition hat von dieser M\u00f6glichkeit Gebrauch gemacht und dem Kreisausschuss erm\u00e4chtigt, dies ab einer Ausschreibungssumme von \u00fcber 100.000 \u00e2\u201a\u00ac k\u00fcnftig zu ber\u00fccksichtigen.  Da die Umsetzung des Gesetzes noch nicht erprobt ist, mit Rechtsstreitigkeiten zu rechnen ist und der Aufwand zum Umgang mit den Bestimmungen f\u00fcr die Verwaltung und die teilnehmenden Firmen entsprechend hoch ist, hat die Koalition im Kreis  einen Schwellwert von 100.000 \u00e2\u201a\u00ac festgelegt.  Dies basiert auf dem Wissen, dass mehr als 87% der Vergaben im Kreis unter einem Auftragswert von 2500 \u00e2\u201a\u00ac liegen. Ein Nachweis von \u00f6kologischen und sozialen Kriterien ist in der Regel aufw\u00e4ndig. Deshalb macht es Sinn bei kleineren Betr\u00e4gen entweder von weiteren einschr\u00e4nkenden Kriterien abzusehen oder diese bei freih\u00e4ndigen Vergaben gezielt anzuwenden.<br \/>\nGegenstimmen f\u00fcr diese Vorgehensweise der Koalition, die kleinere Betriebe im Vogelsberg, die in der Regel 5-6 Besch\u00e4ftigte haben, schont, gab es nur von der Linken, CDU und FDP. Damit hat die Kreiskoalition aus SPD, FW und Gr\u00fcnen das Vergabegesetz mit Augenma\u00df angewendet.<br \/>\nDie nun in der Presse lautgewordene Kritik der Linken geht ins Leere und offenbart gleichzeitig ein merkw\u00fcrdiges Politikverst\u00e4ndnis der Partei. So reicht es nach  Meinung von Michael Riese schon, dass etwas nach CDU oder FDP klingt, um es abzulehnen.  Die Erkl\u00e4rung, weshalb gerade CDU und FDP den Vorschlag der Koalition abgelehnt haben, bleibt er dabei schuldig. Die Linken kannten auch alle oben genannten Fakten und vertreten trotzdem die Meinung, dass durch den Beschluss nun Billiganbieter gef\u00f6rdert werden.  Das verkennt v\u00f6llig, dass es das Bestreben der Koalition ist, den Firmen in der Region eine Chance zur Teilnahme an den Ausschreibungen zu geben.  <\/p>\n","protected":false},"excerpt":{"rendered":"<div class=\"tmnf_excerpt\"><p>Das Hessische Vergabe- und Tariftreuegesetz gibt den Kreisen und Kommunen die M\u00f6glichkeit, neben der Wirtschaftlichkeit auch soziale und \u00f6kologische Belange in den Ausschreibungen festzulegen. Die Koalition hat von dieser M\u00f6glichkeit Gebrauch gemacht und dem Kreisausschuss erm\u00e4chtigt, dies ab einer Ausschreibungssumme von \u00fcber 100.000 \u00e2\u201a\u00ac k\u00fcnftig zu ber\u00fccksichtigen. Da die Umsetzung des Gesetzes noch nicht erprobt &hellip;<\/p>\n<\/div>","protected":false},"author":1,"featured_media":0,"comment_status":"closed","ping_status":"closed","sticky":false,"template":"","format":"standard","meta":{"footnotes":""},"categories":[1,29],"tags":[],"class_list":["post-139951","post","type-post","status-publish","format-standard","hentry","category-startseite","category-politik"],"_links":{"self":[{"href":"https:\/\/www.fuldaernachrichten.de\/index.php?rest_route=\/wp\/v2\/posts\/139951","targetHints":{"allow":["GET"]}}],"collection":[{"href":"https:\/\/www.fuldaernachrichten.de\/index.php?rest_route=\/wp\/v2\/posts"}],"about":[{"href":"https:\/\/www.fuldaernachrichten.de\/index.php?rest_route=\/wp\/v2\/types\/post"}],"author":[{"embeddable":true,"href":"https:\/\/www.fuldaernachrichten.de\/index.php?rest_route=\/wp\/v2\/users\/1"}],"replies":[{"embeddable":true,"href":"https:\/\/www.fuldaernachrichten.de\/index.php?rest_route=%2Fwp%2Fv2%2Fcomments&post=139951"}],"version-history":[{"count":1,"href":"https:\/\/www.fuldaernachrichten.de\/index.php?rest_route=\/wp\/v2\/posts\/139951\/revisions"}],"predecessor-version":[{"id":139952,"href":"https:\/\/www.fuldaernachrichten.de\/index.php?rest_route=\/wp\/v2\/posts\/139951\/revisions\/139952"}],"wp:attachment":[{"href":"https:\/\/www.fuldaernachrichten.de\/index.php?rest_route=%2Fwp%2Fv2%2Fmedia&parent=139951"}],"wp:term":[{"taxonomy":"category","embeddable":true,"href":"https:\/\/www.fuldaernachrichten.de\/index.php?rest_route=%2Fwp%2Fv2%2Fcategories&post=139951"},{"taxonomy":"post_tag","embeddable":true,"href":"https:\/\/www.fuldaernachrichten.de\/index.php?rest_route=%2Fwp%2Fv2%2Ftags&post=139951"}],"curies":[{"name":"wp","href":"https:\/\/api.w.org\/{rel}","templated":true}]}}