{"id":139949,"date":"2015-06-17T10:38:17","date_gmt":"2015-06-17T08:38:17","guid":{"rendered":"http:\/\/www.fuldaer-nachrichten.de\/?p=139949"},"modified":"2015-06-17T10:38:17","modified_gmt":"2015-06-17T08:38:17","slug":"vortrag-und-diskussion-mit-jutta-ditfurth%e2%80%a8","status":"publish","type":"post","link":"https:\/\/www.fuldaernachrichten.de\/?p=139949","title":{"rendered":"Vortrag und Diskussion mit Jutta Ditfurth\u00e2\u20ac\u00a8"},"content":{"rendered":"<p>Die Soziologin, Autorin und politische Aktivistin Jutta Ditfurth wird am Dienstag, den 30. Juni, um 19 Uhr ins Kulturzentrum Kreuz kommen. Die Veranstaltung mit dem Titel \u00c2\u00bbModerner Antisemitismus, Querfront und v\u00f6lkische Bewegung\u00c2\u00ab wird vom B\u00fcndnis \u201eFulda stellt sich Quer\u201c in Zusammenarbeit mit dem Fachschaftsrat Sozial- &#038; Kulturwissenschaften der Hochschule Fulda ausgerichtet.\u00e2\u20ac\u00a8\u00e2\u20ac\u00a8Jutta Ditfurth wird in ihrem Vortrag auf die \u201egr\u00f6\u00dfte v\u00f6lkische Bewegung seit 1945\u201c eingehen, die ausgerechnet zur 70. J\u00e4hrung der Befreiung vom Nationalsozialismus auf deutschen Stra\u00dfen stattfindet. Die Referentin ist zornig, dass \u201ezuerst antisemitisch durchsetzte \u00c2\u00bbMahnwachen f\u00fcr den Frieden\u00c2\u00ab, dann Querfront-Projekte wie der \u00c2\u00bbFriedenswinter\u00c2\u00ab und schlie\u00dflich diverse Pegidas\u201c rassistisch gegen Migranten mobilisieren und antisemitisch argumentieren. \u201eViele eint der Bezug auf das \u00c2\u00bbVolk\u00c2\u00ab, das sich von \u00c2\u00bb\u00dcberfremdung\u00c2\u00ab bedroht sieht. Teile der Mittelschicht reagieren auf die Krise, auf \u00dcberlebens- oder Abstiegs\u00e4ngste, durch Flucht in Rassismus, Antisemitismus und ins Autorit\u00e4re. Die Verbindungen der Querfronten reichen \u00fcber die \u00c2\u00bbMitte\u00c2\u00ab hinweg, einerseits ins offen faschistische Lager und andererseits in die nationale, autorit\u00e4re Linke\u201c, analysiert die Publizitin und fordert im Anschluss an ihren Vortrag zur Diskussion \u00fcber emanzipatorische Gegenstrategien auf. Der Eintritt f\u00fcr die Veranstaltung ist frei.<\/p>\n","protected":false},"excerpt":{"rendered":"<div class=\"tmnf_excerpt\"><p>Die Soziologin, Autorin und politische Aktivistin Jutta Ditfurth wird am Dienstag, den 30. Juni, um 19 Uhr ins Kulturzentrum Kreuz kommen. Die Veranstaltung mit dem Titel \u00c2\u00bbModerner Antisemitismus, Querfront und v\u00f6lkische Bewegung\u00c2\u00ab wird vom B\u00fcndnis \u201eFulda stellt sich Quer\u201c in Zusammenarbeit mit dem Fachschaftsrat Sozial- &#038; Kulturwissenschaften der Hochschule Fulda ausgerichtet.\u00e2\u20ac\u00a8\u00e2\u20ac\u00a8Jutta Ditfurth wird in ihrem &hellip;<\/p>\n<\/div>","protected":false},"author":1,"featured_media":0,"comment_status":"closed","ping_status":"closed","sticky":false,"template":"","format":"standard","meta":{"footnotes":""},"categories":[1],"tags":[],"class_list":["post-139949","post","type-post","status-publish","format-standard","hentry","category-startseite"],"_links":{"self":[{"href":"https:\/\/www.fuldaernachrichten.de\/index.php?rest_route=\/wp\/v2\/posts\/139949","targetHints":{"allow":["GET"]}}],"collection":[{"href":"https:\/\/www.fuldaernachrichten.de\/index.php?rest_route=\/wp\/v2\/posts"}],"about":[{"href":"https:\/\/www.fuldaernachrichten.de\/index.php?rest_route=\/wp\/v2\/types\/post"}],"author":[{"embeddable":true,"href":"https:\/\/www.fuldaernachrichten.de\/index.php?rest_route=\/wp\/v2\/users\/1"}],"replies":[{"embeddable":true,"href":"https:\/\/www.fuldaernachrichten.de\/index.php?rest_route=%2Fwp%2Fv2%2Fcomments&post=139949"}],"version-history":[{"count":1,"href":"https:\/\/www.fuldaernachrichten.de\/index.php?rest_route=\/wp\/v2\/posts\/139949\/revisions"}],"predecessor-version":[{"id":139956,"href":"https:\/\/www.fuldaernachrichten.de\/index.php?rest_route=\/wp\/v2\/posts\/139949\/revisions\/139956"}],"wp:attachment":[{"href":"https:\/\/www.fuldaernachrichten.de\/index.php?rest_route=%2Fwp%2Fv2%2Fmedia&parent=139949"}],"wp:term":[{"taxonomy":"category","embeddable":true,"href":"https:\/\/www.fuldaernachrichten.de\/index.php?rest_route=%2Fwp%2Fv2%2Fcategories&post=139949"},{"taxonomy":"post_tag","embeddable":true,"href":"https:\/\/www.fuldaernachrichten.de\/index.php?rest_route=%2Fwp%2Fv2%2Ftags&post=139949"}],"curies":[{"name":"wp","href":"https:\/\/api.w.org\/{rel}","templated":true}]}}