{"id":139934,"date":"2015-06-16T17:48:45","date_gmt":"2015-06-16T15:48:45","guid":{"rendered":"http:\/\/www.fuldaer-nachrichten.de\/?p=139934"},"modified":"2015-06-16T17:48:45","modified_gmt":"2015-06-16T15:48:45","slug":"koempel-letzte-chance-zur-teilnahme-nutzen-bahnlaermumfrage-des-eisenbahnbundesamtes","status":"publish","type":"post","link":"https:\/\/www.fuldaernachrichten.de\/?p=139934","title":{"rendered":"K\u00f6mpel: Letzte Chance zur Teilnahme nutzen  Bahnl\u00e4rmumfrage des Eisenbahnbundesamtes"},"content":{"rendered":"<p>Nach einer 2002 von der Europ\u00e4ischen Union beschlossenen Richtlinie zur Bek\u00e4mpfung von Umgebungsl\u00e4rm an Bahnstrecken, die seit 2005 vom Bundestag in Gesetzesform umgesetzt wurde, ermitteln derzeit alle EU-Staaten L\u00e4rmdaten f\u00fcr eine effektive L\u00e4rmaktionsplanung.<br \/>\nMit einer gro\u00dfen Online-Umfrage der betroffenen \u00d6ffentlichkeit versucht das in Deutschland zust\u00e4ndige Eisenbahn-Bundesamt (EBA) das Ausma\u00df der L\u00e4rmbelastungen an Schienenwegen au\u00dferhalb von Ballungsr\u00e4umen zu ermitteln \u2013 und niemand wei\u00df es.<\/p>\n<p>In Anbetracht der laufenden Diskussionen um den stetig zunehmenden Verkehrsl\u00e4rm, hier insbesondere an Eisenbahnschienen, ist es sinnvoll, auch die subjektiven Bewertungen der Betroffenen systematisch zu erfassen.<\/p>\n<p>V\u00f6llig unverst\u00e4ndlich findet die Bundestagsabgeordnete Birgit K\u00f6mpel (SPD) daher, dass praktisch niemand in unserer Region bisher davon wei\u00df, wobei nur noch bis Ende Juni 2015 die Zeit f\u00fcr eine Teilnahme besteht: &#8220;Auch ich habe erst letzte Woche davon erfahren. Jetzt wird es h\u00f6chste Zeit, dass unsere betroffenen B\u00fcrger und B\u00fcrgerinnen an dieser Erhebung teilnehmen\u201c, sagt K\u00f6mpel. \u201eWenn nicht k\u00f6nnte das EBA zu der Erkenntnis kommen, dass in unserer Region der L\u00e4rmschutz an der Schiene kein Thema sei &#8211; genau das Gegenteil ist aber der Fall. Hier gibt es genug B\u00fcrgerinnen und B\u00fcrger, die unter gro\u00dfem Bahnl\u00e4rm leiden.&#8221;<br \/>\n\u00c2\u00a0<br \/>\nDie Befragung finden Interessierte im Internet unter www.laermaktionsplanung-schiene.de<\/p>\n","protected":false},"excerpt":{"rendered":"<div class=\"tmnf_excerpt\"><p>Nach einer 2002 von der Europ\u00e4ischen Union beschlossenen Richtlinie zur Bek\u00e4mpfung von Umgebungsl\u00e4rm an Bahnstrecken, die seit 2005 vom Bundestag in Gesetzesform umgesetzt wurde, ermitteln derzeit alle EU-Staaten L\u00e4rmdaten f\u00fcr eine effektive L\u00e4rmaktionsplanung. Mit einer gro\u00dfen Online-Umfrage der betroffenen \u00d6ffentlichkeit versucht das in Deutschland zust\u00e4ndige Eisenbahn-Bundesamt (EBA) das Ausma\u00df der L\u00e4rmbelastungen an Schienenwegen au\u00dferhalb von &hellip;<\/p>\n<\/div>","protected":false},"author":1,"featured_media":139935,"comment_status":"closed","ping_status":"closed","sticky":false,"template":"","format":"standard","meta":{"footnotes":""},"categories":[1],"tags":[],"class_list":["post-139934","post","type-post","status-publish","format-standard","has-post-thumbnail","hentry","category-startseite"],"_links":{"self":[{"href":"https:\/\/www.fuldaernachrichten.de\/index.php?rest_route=\/wp\/v2\/posts\/139934","targetHints":{"allow":["GET"]}}],"collection":[{"href":"https:\/\/www.fuldaernachrichten.de\/index.php?rest_route=\/wp\/v2\/posts"}],"about":[{"href":"https:\/\/www.fuldaernachrichten.de\/index.php?rest_route=\/wp\/v2\/types\/post"}],"author":[{"embeddable":true,"href":"https:\/\/www.fuldaernachrichten.de\/index.php?rest_route=\/wp\/v2\/users\/1"}],"replies":[{"embeddable":true,"href":"https:\/\/www.fuldaernachrichten.de\/index.php?rest_route=%2Fwp%2Fv2%2Fcomments&post=139934"}],"version-history":[{"count":1,"href":"https:\/\/www.fuldaernachrichten.de\/index.php?rest_route=\/wp\/v2\/posts\/139934\/revisions"}],"predecessor-version":[{"id":139936,"href":"https:\/\/www.fuldaernachrichten.de\/index.php?rest_route=\/wp\/v2\/posts\/139934\/revisions\/139936"}],"wp:featuredmedia":[{"embeddable":true,"href":"https:\/\/www.fuldaernachrichten.de\/index.php?rest_route=\/wp\/v2\/media\/139935"}],"wp:attachment":[{"href":"https:\/\/www.fuldaernachrichten.de\/index.php?rest_route=%2Fwp%2Fv2%2Fmedia&parent=139934"}],"wp:term":[{"taxonomy":"category","embeddable":true,"href":"https:\/\/www.fuldaernachrichten.de\/index.php?rest_route=%2Fwp%2Fv2%2Fcategories&post=139934"},{"taxonomy":"post_tag","embeddable":true,"href":"https:\/\/www.fuldaernachrichten.de\/index.php?rest_route=%2Fwp%2Fv2%2Ftags&post=139934"}],"curies":[{"name":"wp","href":"https:\/\/api.w.org\/{rel}","templated":true}]}}