{"id":139931,"date":"2015-06-16T17:49:35","date_gmt":"2015-06-16T15:49:35","guid":{"rendered":"http:\/\/www.fuldaer-nachrichten.de\/?p=139931"},"modified":"2015-06-16T17:49:35","modified_gmt":"2015-06-16T15:49:35","slug":"40-jaehriges-dienstjubilaeum-von-schwester-hildegard-wolters-osb","status":"publish","type":"post","link":"https:\/\/www.fuldaernachrichten.de\/?p=139931","title":{"rendered":"40-j\u00e4hriges Dienstjubil\u00e4um von Schwester Hildegard Wolters OSB"},"content":{"rendered":"<p>Am 01. Juni 2015 beging Sr. Hildegard Wolters OSB, die an der Marienschule Fulda Musik und Franz\u00f6sisch unterrichtet, ihr 40-j\u00e4hriges Dienstjubil\u00e4um. <\/p>\n<p>Nach dem Abitur an der Marienschule in Krefeld im Jahre 1968 ergriff Sr. Hildegard das Studium der Musik an der Musikhochschule in K\u00f6ln sowie das Studium der Romanistik an den Universit\u00e4ten in Bonn und K\u00f6ln. Sie leistete ihr Referendariat am Annette-von-Droste-H\u00fclshoff-Gymnasium in M\u00fcnster\/Westfalen ab, wo sie nach erfolgreichem 2. Staatsexamen auch ihre erste Stelle antrat. Mit dem Jahr 1982, in dem sie in die Benediktinerinnenabtei St. Maria in Fulda eintrat, begann zugleich ihre Unterrichtst\u00e4tigkeit in den F\u00e4chern Musik und Franz\u00f6sisch an der Marienschule. <\/p>\n<p>In den folgenden Jahren machte sie sich vor allem Bereich der Musik verdient: neben dem Aufbau und der langj\u00e4hrigen Betreuung der Chorarbeit richtete sie das j\u00e4hrliche Begr\u00fc\u00dfungssingen f\u00fcr die neuen Sch\u00fclerinnen aus und engagierte sich stark in der musikalischen Gestaltung von Gottesdiensten und schulischen Festen. So ist auch das bekannte Adventskonzert der Marienschule, das jedes Jahr in der Vorweihnachtszeit in der Fuldaer Christuskirche stattfindet, das Verdienst von Sr. Hildegard. Dar\u00fcber hinaus brachte sie sich in umfangreiche Musik- und Theaterprojekte ein, darunter das Kindermusical \u201eDie unglaubliche Reise mit der Zeitmaschine\u201c von 2006 sowie das vor wenigen Wochen aufgef\u00fchrte Theaterst\u00fcck \u201eDie Oper Brundib\u00e1r. Ein Kinderleben in Theresienstadt.\u201c, das auf ihre Initiative hin an der Marienschule verwirklicht wurde. Nicht zuletzt engagierte sie sich ebenso stark \u00fcber Jahre hinweg in der Schulpastoralgruppe.<\/p>\n<p>Im Namen der Schulgemeinde dankte Schulleiter Dr. Oswald Post Sr. Hildegard f\u00fcr ihr vielf\u00e4ltiges Engagement f\u00fcr die Marienschule. Sie lebe als Ordensfrau eine lebendige christliche Berufung, bringe ihre Spiritualit\u00e4t in das Schulleben ein und sei so ein sichtbares Vorbild im Glauben.<\/p>\n","protected":false},"excerpt":{"rendered":"<div class=\"tmnf_excerpt\"><p>Am 01. Juni 2015 beging Sr. Hildegard Wolters OSB, die an der Marienschule Fulda Musik und Franz\u00f6sisch unterrichtet, ihr 40-j\u00e4hriges Dienstjubil\u00e4um. Nach dem Abitur an der Marienschule in Krefeld im Jahre 1968 ergriff Sr. Hildegard das Studium der Musik an der Musikhochschule in K\u00f6ln sowie das Studium der Romanistik an den Universit\u00e4ten in Bonn und &hellip;<\/p>\n<\/div>","protected":false},"author":1,"featured_media":0,"comment_status":"closed","ping_status":"closed","sticky":false,"template":"","format":"standard","meta":{"footnotes":""},"categories":[1,50],"tags":[],"class_list":["post-139931","post","type-post","status-publish","format-standard","hentry","category-startseite","category-kirche"],"_links":{"self":[{"href":"https:\/\/www.fuldaernachrichten.de\/index.php?rest_route=\/wp\/v2\/posts\/139931","targetHints":{"allow":["GET"]}}],"collection":[{"href":"https:\/\/www.fuldaernachrichten.de\/index.php?rest_route=\/wp\/v2\/posts"}],"about":[{"href":"https:\/\/www.fuldaernachrichten.de\/index.php?rest_route=\/wp\/v2\/types\/post"}],"author":[{"embeddable":true,"href":"https:\/\/www.fuldaernachrichten.de\/index.php?rest_route=\/wp\/v2\/users\/1"}],"replies":[{"embeddable":true,"href":"https:\/\/www.fuldaernachrichten.de\/index.php?rest_route=%2Fwp%2Fv2%2Fcomments&post=139931"}],"version-history":[{"count":1,"href":"https:\/\/www.fuldaernachrichten.de\/index.php?rest_route=\/wp\/v2\/posts\/139931\/revisions"}],"predecessor-version":[{"id":139940,"href":"https:\/\/www.fuldaernachrichten.de\/index.php?rest_route=\/wp\/v2\/posts\/139931\/revisions\/139940"}],"wp:attachment":[{"href":"https:\/\/www.fuldaernachrichten.de\/index.php?rest_route=%2Fwp%2Fv2%2Fmedia&parent=139931"}],"wp:term":[{"taxonomy":"category","embeddable":true,"href":"https:\/\/www.fuldaernachrichten.de\/index.php?rest_route=%2Fwp%2Fv2%2Fcategories&post=139931"},{"taxonomy":"post_tag","embeddable":true,"href":"https:\/\/www.fuldaernachrichten.de\/index.php?rest_route=%2Fwp%2Fv2%2Ftags&post=139931"}],"curies":[{"name":"wp","href":"https:\/\/api.w.org\/{rel}","templated":true}]}}