{"id":139919,"date":"2015-06-16T17:47:22","date_gmt":"2015-06-16T15:47:22","guid":{"rendered":"http:\/\/www.fuldaer-nachrichten.de\/?p=139919"},"modified":"2015-06-16T17:47:22","modified_gmt":"2015-06-16T15:47:22","slug":"schottener-soziale-dienste-bieten-individuelle-jugendhilfe-fuer-berufliche-eingliederung","status":"publish","type":"post","link":"https:\/\/www.fuldaernachrichten.de\/?p=139919","title":{"rendered":"Schottener Soziale Dienste bieten individuelle Jugendhilfe f\u00fcr berufliche Eingliederung"},"content":{"rendered":"<p>Arbeit steht im Zentrum des Lebens, stiftet Sinn und Identit\u00e4t. Die Schottener Sozialen Dienste erm\u00f6glichen Jugendlichen durch berufliche Eingliederung, ihren eigenen Weg zu gehen.<\/p>\n<p>In der Werkstatt in Schotten fliegen die Sp\u00e4ne. Aus unbearbeiteten Holzlatten entsteht Schritt f\u00fcr Schritt durch die Zusammenarbeit mehrerer Jugendlicher eine schmucke Holzbank f\u00fcr den Garten: \u201eWichtig f\u00fcr die Eingliederung in den ersten Arbeitsmarkt ist die Vermittlung grundlegender Fertigkeiten \u2013 Tugenden sind dabei ebenso wichtig wie Techniken, denn am Arbeitsplatz kommt es vor allem auf das Zusammenspiel mit Kollegen und Vorgesetzten an\u201c, erkl\u00e4rt Dieter Nowak von der Stabstelle Kinder- und Jugendhilfe der Schottener Sozialen Dienste.<\/p>\n<p>Die jungen Menschen, die in den Jugendhilfeeinrichtungen der gemeinn\u00fctzigen Gesellschaft unterkommen, haben h\u00e4ufig durch ihre Behinderung im Elternhaus, in der Schule und am Arbeitsplatz Nachteile erfahren und sind auf Hilfe angewiesen: \u201eWir betreiben in Hessen \u00fcber 70 Einrichtungen, in der N\u00e4he von Fulda sind das vor allem Wohngruppen in Bad Hersfeld und Gersfeld. Insgesamt sind es \u00fcber 200 Jugendhilfepl\u00e4tze\u201c, erkl\u00e4rt Nowak. Angefangen hat alles vor 30 Jahren mit einer Einrichtung der Behindertenhilfe, 2012 wurde umfirmiert in \u201eSchottener Soziale Dienste\u201c, um die Bandbreite der Dienstleistungen im sozialen Bereich deutlich zu machen. \u201eUnsere Einrichtungen sind heute dezentralisiert und gewinnen an Flexibilit\u00e4t durch die Kooperation mit Partnern vor Ort. In den Wohngruppen wird gemeinschaftlich gekocht, Hausaufgabenbetreuung und soziale Aktivit\u00e4ten geben die n\u00f6tige Tagesstruktur\u201c, erkl\u00e4rt Nowak. <\/p>\n<p>In der Gersfelder Wohngruppe werden 20 station\u00e4re Pl\u00e4tze \u00fcber die Jugendhilfe abgedeckt, durch Kooperationspartner in Fulda wie Perspektiva und Gr\u00fcmel k\u00f6nnen die berufsvorbereitenden Ma\u00dfnahmen auf die spezifischen Interessen und St\u00e4rken des Jugendlichen zugeschnitten werden. \u201eDie Bandbreite der Beeintr\u00e4chtigungen reicht von Kindeswohlgef\u00e4hrdung \u00fcber Verhaltensauff\u00e4lligkeiten bis zu Lernproblemen \u2013 im Gespr\u00e4ch mit den Jugendlichen und dem Jugendamt m\u00fcssen diese Defizite zuerst ermittelt werden, um dann passende Angebote auszusuchen. H\u00e4ufig ist es auch n\u00f6tig, mit dem Arbeitgeber zu reden, um bei vorausgegangenen Problemen am Arbeitsplatz die Wogen zu gl\u00e4tten. Das Wichtigste ist, zu vermitteln, dass sich von nun an jemand k\u00fcmmert: In dem Augenblick, in dem unsere Struktur angenommen wird, k\u00f6nnen die blockierten Potenziale positiv genutzt werden. Viele Jugendliche verstecken ihre F\u00e4higkeiten, die zielgerichtete Entfaltung der Ressourcen am neuen Arbeitsplatz verschafft auch soziale Anerkennung\u201c, erkl\u00e4rt Nowak.<\/p>\n<p>Die Kooperation mit Vereinen sorgt f\u00fcr die n\u00f6tige Einbindung ins gesellschaftliche Leben \u2013 ob Gospelchor, Tanzverein oder Freiwillige Feuerwehr, Motivation zur Ver\u00e4nderung kommt auch durch die sozialen Aktivit\u00e4ten. \u201eViele Ausbildungen, etwa die zum Beikoch, sind trotz aller Hilfe schwer zu bew\u00e4ltigen. In der Berufsschule sitzen unsere Jugendlichen zusammen mit normalen Lehrlingen, der Lernstoff muss verinnerlicht werden\u201c, erkl\u00e4rt Nowak. Im eigenen Ausbildungszentrum k\u00f6nnen Jugendliche zur Restaurantfachfrau oder zum Tischler ausgebildet werden.<\/p>\n<p>Zum Bild: Pers\u00f6nliche Hilfe: Dieter Nowak (Bildmitte) von der Stabstelle Kinder- und Jugendhilfe der Schottener Sozialen Dienste mit betreuten Jugendlichen<\/p>\n","protected":false},"excerpt":{"rendered":"<div class=\"tmnf_excerpt\"><p>Arbeit steht im Zentrum des Lebens, stiftet Sinn und Identit\u00e4t. Die Schottener Sozialen Dienste erm\u00f6glichen Jugendlichen durch berufliche Eingliederung, ihren eigenen Weg zu gehen. In der Werkstatt in Schotten fliegen die Sp\u00e4ne. Aus unbearbeiteten Holzlatten entsteht Schritt f\u00fcr Schritt durch die Zusammenarbeit mehrerer Jugendlicher eine schmucke Holzbank f\u00fcr den Garten: \u201eWichtig f\u00fcr die Eingliederung in &hellip;<\/p>\n<\/div>","protected":false},"author":1,"featured_media":139927,"comment_status":"closed","ping_status":"closed","sticky":false,"template":"","format":"standard","meta":{"footnotes":""},"categories":[1],"tags":[],"class_list":["post-139919","post","type-post","status-publish","format-standard","has-post-thumbnail","hentry","category-startseite"],"_links":{"self":[{"href":"https:\/\/www.fuldaernachrichten.de\/index.php?rest_route=\/wp\/v2\/posts\/139919","targetHints":{"allow":["GET"]}}],"collection":[{"href":"https:\/\/www.fuldaernachrichten.de\/index.php?rest_route=\/wp\/v2\/posts"}],"about":[{"href":"https:\/\/www.fuldaernachrichten.de\/index.php?rest_route=\/wp\/v2\/types\/post"}],"author":[{"embeddable":true,"href":"https:\/\/www.fuldaernachrichten.de\/index.php?rest_route=\/wp\/v2\/users\/1"}],"replies":[{"embeddable":true,"href":"https:\/\/www.fuldaernachrichten.de\/index.php?rest_route=%2Fwp%2Fv2%2Fcomments&post=139919"}],"version-history":[{"count":1,"href":"https:\/\/www.fuldaernachrichten.de\/index.php?rest_route=\/wp\/v2\/posts\/139919\/revisions"}],"predecessor-version":[{"id":139928,"href":"https:\/\/www.fuldaernachrichten.de\/index.php?rest_route=\/wp\/v2\/posts\/139919\/revisions\/139928"}],"wp:featuredmedia":[{"embeddable":true,"href":"https:\/\/www.fuldaernachrichten.de\/index.php?rest_route=\/wp\/v2\/media\/139927"}],"wp:attachment":[{"href":"https:\/\/www.fuldaernachrichten.de\/index.php?rest_route=%2Fwp%2Fv2%2Fmedia&parent=139919"}],"wp:term":[{"taxonomy":"category","embeddable":true,"href":"https:\/\/www.fuldaernachrichten.de\/index.php?rest_route=%2Fwp%2Fv2%2Fcategories&post=139919"},{"taxonomy":"post_tag","embeddable":true,"href":"https:\/\/www.fuldaernachrichten.de\/index.php?rest_route=%2Fwp%2Fv2%2Ftags&post=139919"}],"curies":[{"name":"wp","href":"https:\/\/api.w.org\/{rel}","templated":true}]}}