{"id":139915,"date":"2015-06-16T17:47:27","date_gmt":"2015-06-16T15:47:27","guid":{"rendered":"http:\/\/www.fuldaer-nachrichten.de\/?p=139915"},"modified":"2015-06-16T17:47:27","modified_gmt":"2015-06-16T15:47:27","slug":"orgelmatinee-mit-luca-ratti-am-27-juni-um-12-05-uhr-im-fuldaer-dom","status":"publish","type":"post","link":"https:\/\/www.fuldaernachrichten.de\/?p=139915","title":{"rendered":"Orgelmatinee mit Luca Ratti am 27. Juni um 12.05 Uhr, im Fuldaer Dom"},"content":{"rendered":"<p>Mailand ist nicht nur ber\u00fchmt f\u00fcr seine Museen und Gastronomie sondern ist auch ein Ort der Orgel, wo sich viele renommierte Organisten finden. Luca Ratti, aus Mailand kommend, wird am 27. Juni, 12.05 \u2013 12.35 Uhr im Fuldaer Dom die Orgelmatinee mit einem deutsch-franz\u00f6sischen Programm bestreiten. Nat\u00fcrlich \u201eJohann Sebastian Bach\u201c, allerdings eingef\u00e4rbt, weil die Vorlage des Concerto in d-Moll ein Konzert von Antonio Vivaldi ist, das Bach \u00fcbertragen hat. Diesmal aber Pr\u00e4ludium und Fuge nicht von Johann Sebastian Bach sondern von dessen gro\u00dfen Verehrer Felix Mendelssohn Bartholdy. Zum Schluss eine Meditation mit einem virtuosen St\u00fcck von Marcel Dupr\u00e9, sehr kurz und mehr ein Rausschmei\u00dfer als ein Programmpunkt, aber f\u00fcr die Matineebesucher sicher ein sch\u00f6ner Ausklang mit den beiden St\u00fccken aus dem Magnificat op. 18.<\/p>\n","protected":false},"excerpt":{"rendered":"<div class=\"tmnf_excerpt\"><p>Mailand ist nicht nur ber\u00fchmt f\u00fcr seine Museen und Gastronomie sondern ist auch ein Ort der Orgel, wo sich viele renommierte Organisten finden. Luca Ratti, aus Mailand kommend, wird am 27. Juni, 12.05 \u2013 12.35 Uhr im Fuldaer Dom die Orgelmatinee mit einem deutsch-franz\u00f6sischen Programm bestreiten. Nat\u00fcrlich \u201eJohann Sebastian Bach\u201c, allerdings eingef\u00e4rbt, weil die Vorlage &hellip;<\/p>\n<\/div>","protected":false},"author":1,"featured_media":139924,"comment_status":"closed","ping_status":"closed","sticky":false,"template":"","format":"standard","meta":{"footnotes":""},"categories":[50,44],"tags":[],"class_list":["post-139915","post","type-post","status-publish","format-standard","has-post-thumbnail","hentry","category-kirche","category-kultur"],"_links":{"self":[{"href":"https:\/\/www.fuldaernachrichten.de\/index.php?rest_route=\/wp\/v2\/posts\/139915","targetHints":{"allow":["GET"]}}],"collection":[{"href":"https:\/\/www.fuldaernachrichten.de\/index.php?rest_route=\/wp\/v2\/posts"}],"about":[{"href":"https:\/\/www.fuldaernachrichten.de\/index.php?rest_route=\/wp\/v2\/types\/post"}],"author":[{"embeddable":true,"href":"https:\/\/www.fuldaernachrichten.de\/index.php?rest_route=\/wp\/v2\/users\/1"}],"replies":[{"embeddable":true,"href":"https:\/\/www.fuldaernachrichten.de\/index.php?rest_route=%2Fwp%2Fv2%2Fcomments&post=139915"}],"version-history":[{"count":1,"href":"https:\/\/www.fuldaernachrichten.de\/index.php?rest_route=\/wp\/v2\/posts\/139915\/revisions"}],"predecessor-version":[{"id":139929,"href":"https:\/\/www.fuldaernachrichten.de\/index.php?rest_route=\/wp\/v2\/posts\/139915\/revisions\/139929"}],"wp:featuredmedia":[{"embeddable":true,"href":"https:\/\/www.fuldaernachrichten.de\/index.php?rest_route=\/wp\/v2\/media\/139924"}],"wp:attachment":[{"href":"https:\/\/www.fuldaernachrichten.de\/index.php?rest_route=%2Fwp%2Fv2%2Fmedia&parent=139915"}],"wp:term":[{"taxonomy":"category","embeddable":true,"href":"https:\/\/www.fuldaernachrichten.de\/index.php?rest_route=%2Fwp%2Fv2%2Fcategories&post=139915"},{"taxonomy":"post_tag","embeddable":true,"href":"https:\/\/www.fuldaernachrichten.de\/index.php?rest_route=%2Fwp%2Fv2%2Ftags&post=139915"}],"curies":[{"name":"wp","href":"https:\/\/api.w.org\/{rel}","templated":true}]}}