{"id":139910,"date":"2015-06-16T17:43:57","date_gmt":"2015-06-16T15:43:57","guid":{"rendered":"http:\/\/www.fuldaer-nachrichten.de\/?p=139910"},"modified":"2015-06-16T17:43:57","modified_gmt":"2015-06-16T15:43:57","slug":"ehrenkrone-fuer-alfred-eck","status":"publish","type":"post","link":"https:\/\/www.fuldaernachrichten.de\/?p=139910","title":{"rendered":"Ehrenkrone f\u00fcr Alfred Eck"},"content":{"rendered":"<p>Eine besondere Ehrung nahm Fliedens B\u00fcrgermeister Christian Henkel im Rahmen des Gemeindefeuerwehrtages in Schweben vor. F\u00fcr sein langj\u00e4hriges ehrenamtliches Engagement wurde Alfred Eck mit der silbernen Ehrenkrone der Gemeinde Flieden ausgezeichnet.<\/p>\n<p>Der Geehrte war \u00fcber viele Jahre hinweg aktiver Feuerwehrmann in Flieden sowie im Vorstand der Freiwilligen Feuerwehr Flieden aktiv, davon allein 14 Jahre als 1. Vorsitzender. F\u00fcr seine T\u00e4tigkeiten in der Feuerwehr wurde Alfred Eck im Jahr 1995 mit der hohen Auszeichnung der St. Floriansmedaille in Silber geehrt.<\/p>\n<p>\u00dcber sein Engagement in der Feuerwehr hinaus bet\u00e4tigte er sich viele Jahre in der Sch\u00fctzengilde &#8220;K\u00f6nigreich Flieden&#8221; e.V., in der er u.a. von 2011 &#8211; 2015 das Amt des zweiten Vorsitzenden aus\u00fcbte. Besonders engagierte er sich hier f\u00fcr die Gruppe &#8220;50plus&#8221;, die er in 2004 mit ins Leben rief und zehn Jahre lang organisierte. Im Rahmen des An- und Umbaus des Sch\u00fctzenhauses in Flieden im Jahr 2011 packte Alfred Eck mit seinem Arbeitsteam tatkr\u00e4ftig mit an.<\/p>\n<p>Schlie\u00dflich bet\u00e4tigte sich Alfred Eck auch im Ortsverband Flieden des vdk, dessen stellvertretender Vorsitzender er von 2006 bis 2014 war.<\/p>\n<p>B\u00fcrgermeister Henkel w\u00fcrdigte die Vorbildfunktion, die Alfred Eck durch sein langj\u00e4hriges Engagement darstelle. Besonders hob er hervor, dass der Geehrte nicht nur in Vorstandspositionen t\u00e4tig war, sondern vor allem stets dann mit anpackt, wenn es erforderlich ist &#8211; z.B. bei der Organisation oder Durchf\u00fchrung von Veranstaltung. Erst mit solch zuverl\u00e4ssigen Helfern werde aktive Vereinsarbeit \u00fcberhaupt m\u00f6glich gemacht.<br \/>\nHenkel dankte Alfred Eck f\u00fcr sein Engagement f\u00fcr das Gemeinwohl in der Gemeinde Flieden und \u00fcberreichte neben der Ehrennadel die zugeh\u00f6rige Urkunde sowie ein kleines Pr\u00e4sent.<\/p>\n","protected":false},"excerpt":{"rendered":"<div class=\"tmnf_excerpt\"><p>Eine besondere Ehrung nahm Fliedens B\u00fcrgermeister Christian Henkel im Rahmen des Gemeindefeuerwehrtages in Schweben vor. F\u00fcr sein langj\u00e4hriges ehrenamtliches Engagement wurde Alfred Eck mit der silbernen Ehrenkrone der Gemeinde Flieden ausgezeichnet. Der Geehrte war \u00fcber viele Jahre hinweg aktiver Feuerwehrmann in Flieden sowie im Vorstand der Freiwilligen Feuerwehr Flieden aktiv, davon allein 14 Jahre als &hellip;<\/p>\n<\/div>","protected":false},"author":1,"featured_media":139911,"comment_status":"closed","ping_status":"closed","sticky":false,"template":"","format":"standard","meta":{"footnotes":""},"categories":[1],"tags":[],"class_list":["post-139910","post","type-post","status-publish","format-standard","has-post-thumbnail","hentry","category-startseite"],"_links":{"self":[{"href":"https:\/\/www.fuldaernachrichten.de\/index.php?rest_route=\/wp\/v2\/posts\/139910","targetHints":{"allow":["GET"]}}],"collection":[{"href":"https:\/\/www.fuldaernachrichten.de\/index.php?rest_route=\/wp\/v2\/posts"}],"about":[{"href":"https:\/\/www.fuldaernachrichten.de\/index.php?rest_route=\/wp\/v2\/types\/post"}],"author":[{"embeddable":true,"href":"https:\/\/www.fuldaernachrichten.de\/index.php?rest_route=\/wp\/v2\/users\/1"}],"replies":[{"embeddable":true,"href":"https:\/\/www.fuldaernachrichten.de\/index.php?rest_route=%2Fwp%2Fv2%2Fcomments&post=139910"}],"version-history":[{"count":1,"href":"https:\/\/www.fuldaernachrichten.de\/index.php?rest_route=\/wp\/v2\/posts\/139910\/revisions"}],"predecessor-version":[{"id":139912,"href":"https:\/\/www.fuldaernachrichten.de\/index.php?rest_route=\/wp\/v2\/posts\/139910\/revisions\/139912"}],"wp:featuredmedia":[{"embeddable":true,"href":"https:\/\/www.fuldaernachrichten.de\/index.php?rest_route=\/wp\/v2\/media\/139911"}],"wp:attachment":[{"href":"https:\/\/www.fuldaernachrichten.de\/index.php?rest_route=%2Fwp%2Fv2%2Fmedia&parent=139910"}],"wp:term":[{"taxonomy":"category","embeddable":true,"href":"https:\/\/www.fuldaernachrichten.de\/index.php?rest_route=%2Fwp%2Fv2%2Fcategories&post=139910"},{"taxonomy":"post_tag","embeddable":true,"href":"https:\/\/www.fuldaernachrichten.de\/index.php?rest_route=%2Fwp%2Fv2%2Ftags&post=139910"}],"curies":[{"name":"wp","href":"https:\/\/api.w.org\/{rel}","templated":true}]}}