{"id":139908,"date":"2015-06-16T17:44:18","date_gmt":"2015-06-16T15:44:18","guid":{"rendered":"http:\/\/www.fuldaer-nachrichten.de\/?p=139908"},"modified":"2015-06-16T17:44:18","modified_gmt":"2015-06-16T15:44:18","slug":"33-kubikmeter-unrat-aus-der-landschaft-geholt-steigende-beteiligung-bei-vereinen-und-gruppen-an-der-diesjaehrigen-osterputzaktion","status":"publish","type":"post","link":"https:\/\/www.fuldaernachrichten.de\/?p=139908","title":{"rendered":"33 Kubikmeter Unrat aus der Landschaft geholt Steigende Beteiligung bei Vereinen und Gruppen an der diesj\u00e4hrigen Osterputzaktion"},"content":{"rendered":"<p>Insgesamt 33 Kubikmeter Unrat und M\u00fcll haben 675 flei\u00dfige Helfer bei der diesj\u00e4hrigen Osterputzaktion aus der Landschaft geholt und damit einen Beitrag zum Umweltschutz geleistet. Dies geht aus der Bilanz der diesj\u00e4hrigen Osterputzaktion hervor, die jetzt im Magistrat beraten wurde.<\/p>\n<p>Besonders erfreulich ist aus Sicht von B\u00fcrgermeister Stefan Schwenk, dass sich mehr Personen an dieser Aktion beteiligt haben. Ihre Zahl kletterte von 648 im Jahr 2014 auf insgesamt 675. Teilgenommen haben auch drei Schulen mit insgesamt acht Klassen, vom Wigbert-Gymnasium, von der Vinzenz-von-Paul-Schule und von der Johann-Adam-F\u00f6rster-Schule. Insgesamt wurden 416 M\u00fclls\u00e4cke bef\u00fcllt, die Helfer holten sich bei der Stadt 304 Paare Handschuhe, um den M\u00fcll aufsammeln zu k\u00f6nnen. Die Gesamtkosten f\u00fcr den Abtransport und die fachgerechte Entsorgung des eingesammelten Abfalls betrugen laut dieser Bilanz f\u00fcr die Stadt H\u00fcnfeld rund 1.800 Euro. <\/p>\n","protected":false},"excerpt":{"rendered":"<div class=\"tmnf_excerpt\"><p>Insgesamt 33 Kubikmeter Unrat und M\u00fcll haben 675 flei\u00dfige Helfer bei der diesj\u00e4hrigen Osterputzaktion aus der Landschaft geholt und damit einen Beitrag zum Umweltschutz geleistet. Dies geht aus der Bilanz der diesj\u00e4hrigen Osterputzaktion hervor, die jetzt im Magistrat beraten wurde. Besonders erfreulich ist aus Sicht von B\u00fcrgermeister Stefan Schwenk, dass sich mehr Personen an dieser &hellip;<\/p>\n<\/div>","protected":false},"author":1,"featured_media":0,"comment_status":"closed","ping_status":"closed","sticky":false,"template":"","format":"standard","meta":{"footnotes":""},"categories":[1],"tags":[],"class_list":["post-139908","post","type-post","status-publish","format-standard","hentry","category-startseite"],"_links":{"self":[{"href":"https:\/\/www.fuldaernachrichten.de\/index.php?rest_route=\/wp\/v2\/posts\/139908","targetHints":{"allow":["GET"]}}],"collection":[{"href":"https:\/\/www.fuldaernachrichten.de\/index.php?rest_route=\/wp\/v2\/posts"}],"about":[{"href":"https:\/\/www.fuldaernachrichten.de\/index.php?rest_route=\/wp\/v2\/types\/post"}],"author":[{"embeddable":true,"href":"https:\/\/www.fuldaernachrichten.de\/index.php?rest_route=\/wp\/v2\/users\/1"}],"replies":[{"embeddable":true,"href":"https:\/\/www.fuldaernachrichten.de\/index.php?rest_route=%2Fwp%2Fv2%2Fcomments&post=139908"}],"version-history":[{"count":1,"href":"https:\/\/www.fuldaernachrichten.de\/index.php?rest_route=\/wp\/v2\/posts\/139908\/revisions"}],"predecessor-version":[{"id":139914,"href":"https:\/\/www.fuldaernachrichten.de\/index.php?rest_route=\/wp\/v2\/posts\/139908\/revisions\/139914"}],"wp:attachment":[{"href":"https:\/\/www.fuldaernachrichten.de\/index.php?rest_route=%2Fwp%2Fv2%2Fmedia&parent=139908"}],"wp:term":[{"taxonomy":"category","embeddable":true,"href":"https:\/\/www.fuldaernachrichten.de\/index.php?rest_route=%2Fwp%2Fv2%2Fcategories&post=139908"},{"taxonomy":"post_tag","embeddable":true,"href":"https:\/\/www.fuldaernachrichten.de\/index.php?rest_route=%2Fwp%2Fv2%2Ftags&post=139908"}],"curies":[{"name":"wp","href":"https:\/\/api.w.org\/{rel}","templated":true}]}}