{"id":139907,"date":"2015-06-16T17:44:05","date_gmt":"2015-06-16T15:44:05","guid":{"rendered":"http:\/\/www.fuldaer-nachrichten.de\/?p=139907"},"modified":"2015-06-16T17:44:05","modified_gmt":"2015-06-16T15:44:05","slug":"bahnlaerm-betroffene-koennen-sich-melden-neuer-laermaktionsplan-wird-erstellt-aufruf-des-buergermeisters","status":"publish","type":"post","link":"https:\/\/www.fuldaernachrichten.de\/?p=139907","title":{"rendered":"Bahnl\u00e4rm: Betroffene k\u00f6nnen sich melden Neuer L\u00e4rmaktionsplan wird erstellt \/ Aufruf des B\u00fcrgermeisters"},"content":{"rendered":"<p>B\u00fcrgermeister Stefan Schwenk ruft vom Bahnl\u00e4rm betroffene B\u00fcrger in H\u00fcnfeld auf, ihre Anliegen im Rahmen der \u00d6ffentlichkeitsbeteiligung zur neuen L\u00e4rmaktionsplanung des Eisenbahnbundesamtes einzubringen. Dazu steht die Internet-Plattform http:\/\/www.laermaktionsplanung-schiene.de bis zum 30. Juni 2015 zur Verf\u00fcgung.<\/p>\n<p>Von Bahnl\u00e4rm betroffen seien in H\u00fcnfeld die Kernstadt, aber auch die Stadtteile R\u00fcckers und N\u00fcst. B\u00fcrgermeister Schwenk hofft, dass viele B\u00fcrger von dieser \u00d6ffentlichkeitsbeteiligung gebrauch machen, um dem Eisenbahnbundesamt zu verdeutlichen, wie hoch die Belastungen sind. Er stehe in Kontakt mit dem Hessischen Wirtschaftsministerium, um M\u00f6glichkeiten auszuloten, wie die L\u00e4rmbelastung durch die Schiene f\u00fcr H\u00fcnfeld verringert werden k\u00f6nne. Die Stadt habe bereits in der Vergangenheit eigene Anstrengungen unternommen, beispielsweise durch die Aufsch\u00fcttung von Erdw\u00e4llen in der Hersfelder Stra\u00dfe. Diese Ma\u00dfnahmen seien allerdings entlang der Strecke nicht \u00fcberall m\u00f6glich. Deshalb seien dort andere technische L\u00f6sungen gefragt, die mit erheblichen Investitionen verbunden seien.<\/p>\n<p>Eine m\u00f6glichst breite B\u00fcrgerbeteiligung im Rahmen der Erstellung des L\u00e4rmaktionsplans sei wichtig, um dieses Anliegen mit Nachdruck weiter verfolgen zu k\u00f6nnen, erkl\u00e4rt Schwenk. Das seit dem 1. Januar f\u00fcr die L\u00e4rmaktionspl\u00e4ne zust\u00e4ndige Eisenbahnbundesamt m\u00fcsse durch Hinweise der B\u00fcrger ein deutliches Signal erhalten, dass die B\u00fcrger in dieser Frage mehr Engagement der Bahn w\u00fcnschten, um die Lebens- und Wohnqualit\u00e4t der Betroffenen zu verbessern.<\/p>\n","protected":false},"excerpt":{"rendered":"<div class=\"tmnf_excerpt\"><p>B\u00fcrgermeister Stefan Schwenk ruft vom Bahnl\u00e4rm betroffene B\u00fcrger in H\u00fcnfeld auf, ihre Anliegen im Rahmen der \u00d6ffentlichkeitsbeteiligung zur neuen L\u00e4rmaktionsplanung des Eisenbahnbundesamtes einzubringen. Dazu steht die Internet-Plattform http:\/\/www.laermaktionsplanung-schiene.de bis zum 30. Juni 2015 zur Verf\u00fcgung. Von Bahnl\u00e4rm betroffen seien in H\u00fcnfeld die Kernstadt, aber auch die Stadtteile R\u00fcckers und N\u00fcst. B\u00fcrgermeister Schwenk hofft, dass viele &hellip;<\/p>\n<\/div>","protected":false},"author":1,"featured_media":0,"comment_status":"closed","ping_status":"closed","sticky":false,"template":"","format":"standard","meta":{"footnotes":""},"categories":[1],"tags":[],"class_list":["post-139907","post","type-post","status-publish","format-standard","hentry","category-startseite"],"_links":{"self":[{"href":"https:\/\/www.fuldaernachrichten.de\/index.php?rest_route=\/wp\/v2\/posts\/139907","targetHints":{"allow":["GET"]}}],"collection":[{"href":"https:\/\/www.fuldaernachrichten.de\/index.php?rest_route=\/wp\/v2\/posts"}],"about":[{"href":"https:\/\/www.fuldaernachrichten.de\/index.php?rest_route=\/wp\/v2\/types\/post"}],"author":[{"embeddable":true,"href":"https:\/\/www.fuldaernachrichten.de\/index.php?rest_route=\/wp\/v2\/users\/1"}],"replies":[{"embeddable":true,"href":"https:\/\/www.fuldaernachrichten.de\/index.php?rest_route=%2Fwp%2Fv2%2Fcomments&post=139907"}],"version-history":[{"count":1,"href":"https:\/\/www.fuldaernachrichten.de\/index.php?rest_route=\/wp\/v2\/posts\/139907\/revisions"}],"predecessor-version":[{"id":139913,"href":"https:\/\/www.fuldaernachrichten.de\/index.php?rest_route=\/wp\/v2\/posts\/139907\/revisions\/139913"}],"wp:attachment":[{"href":"https:\/\/www.fuldaernachrichten.de\/index.php?rest_route=%2Fwp%2Fv2%2Fmedia&parent=139907"}],"wp:term":[{"taxonomy":"category","embeddable":true,"href":"https:\/\/www.fuldaernachrichten.de\/index.php?rest_route=%2Fwp%2Fv2%2Fcategories&post=139907"},{"taxonomy":"post_tag","embeddable":true,"href":"https:\/\/www.fuldaernachrichten.de\/index.php?rest_route=%2Fwp%2Fv2%2Ftags&post=139907"}],"curies":[{"name":"wp","href":"https:\/\/api.w.org\/{rel}","templated":true}]}}