{"id":139898,"date":"2015-06-16T17:37:29","date_gmt":"2015-06-16T15:37:29","guid":{"rendered":"http:\/\/www.fuldaer-nachrichten.de\/?p=139898"},"modified":"2015-06-16T17:37:51","modified_gmt":"2015-06-16T15:37:51","slug":"dioezesanfamilientag-in-dietershausen-kolping-praesentiert-sich-jung-und-bunt","status":"publish","type":"post","link":"https:\/\/www.fuldaernachrichten.de\/?p=139898","title":{"rendered":"Di\u00f6zesanfamilientag in Dietershausen   Kolping pr\u00e4sentiert sich jung und bunt"},"content":{"rendered":"<p>Beim diesj\u00e4hrigen Di\u00f6zesanfamilientag des Bistums Fulda in Dietershausen war der Kolping Di\u00f6zesanverband Fulda mit einem bunten Infostand vertreten. Viel Wissenswertes zu Kolping und seinem Lebenswerk wurde vorgestellt. Auf der Kreativmeile gab es ein abwechslungsreiches Programm f\u00fcr die ganze Familie mit einer gro\u00dfen Spielestation. Aber auch bei den Verpflegungsst\u00e4nden wurde kr\u00e4ftig mit angepackt.<\/p>\n","protected":false},"excerpt":{"rendered":"<div class=\"tmnf_excerpt\"><p>Beim diesj\u00e4hrigen Di\u00f6zesanfamilientag des Bistums Fulda in Dietershausen war der Kolping Di\u00f6zesanverband Fulda mit einem bunten Infostand vertreten. Viel Wissenswertes zu Kolping und seinem Lebenswerk wurde vorgestellt. Auf der Kreativmeile gab es ein abwechslungsreiches Programm f\u00fcr die ganze Familie mit einer gro\u00dfen Spielestation. Aber auch bei den Verpflegungsst\u00e4nden wurde kr\u00e4ftig mit angepackt.<\/p>\n<\/div>","protected":false},"author":1,"featured_media":139899,"comment_status":"closed","ping_status":"closed","sticky":false,"template":"","format":"standard","meta":{"footnotes":""},"categories":[1,50],"tags":[],"class_list":["post-139898","post","type-post","status-publish","format-standard","has-post-thumbnail","hentry","category-startseite","category-kirche"],"_links":{"self":[{"href":"https:\/\/www.fuldaernachrichten.de\/index.php?rest_route=\/wp\/v2\/posts\/139898","targetHints":{"allow":["GET"]}}],"collection":[{"href":"https:\/\/www.fuldaernachrichten.de\/index.php?rest_route=\/wp\/v2\/posts"}],"about":[{"href":"https:\/\/www.fuldaernachrichten.de\/index.php?rest_route=\/wp\/v2\/types\/post"}],"author":[{"embeddable":true,"href":"https:\/\/www.fuldaernachrichten.de\/index.php?rest_route=\/wp\/v2\/users\/1"}],"replies":[{"embeddable":true,"href":"https:\/\/www.fuldaernachrichten.de\/index.php?rest_route=%2Fwp%2Fv2%2Fcomments&post=139898"}],"version-history":[{"count":2,"href":"https:\/\/www.fuldaernachrichten.de\/index.php?rest_route=\/wp\/v2\/posts\/139898\/revisions"}],"predecessor-version":[{"id":139901,"href":"https:\/\/www.fuldaernachrichten.de\/index.php?rest_route=\/wp\/v2\/posts\/139898\/revisions\/139901"}],"wp:featuredmedia":[{"embeddable":true,"href":"https:\/\/www.fuldaernachrichten.de\/index.php?rest_route=\/wp\/v2\/media\/139899"}],"wp:attachment":[{"href":"https:\/\/www.fuldaernachrichten.de\/index.php?rest_route=%2Fwp%2Fv2%2Fmedia&parent=139898"}],"wp:term":[{"taxonomy":"category","embeddable":true,"href":"https:\/\/www.fuldaernachrichten.de\/index.php?rest_route=%2Fwp%2Fv2%2Fcategories&post=139898"},{"taxonomy":"post_tag","embeddable":true,"href":"https:\/\/www.fuldaernachrichten.de\/index.php?rest_route=%2Fwp%2Fv2%2Ftags&post=139898"}],"curies":[{"name":"wp","href":"https:\/\/api.w.org\/{rel}","templated":true}]}}