{"id":139895,"date":"2015-06-16T17:34:38","date_gmt":"2015-06-16T15:34:38","guid":{"rendered":"http:\/\/www.fuldaer-nachrichten.de\/?p=139895"},"modified":"2015-06-16T17:34:38","modified_gmt":"2015-06-16T15:34:38","slug":"kino-fuer-senioren-9","status":"publish","type":"post","link":"https:\/\/www.fuldaernachrichten.de\/?p=139895","title":{"rendered":"Kino f\u00fcr Senioren"},"content":{"rendered":"<p>Am Mittwoch, den 24. Juni, um 15:00 Uhr findet im CineStar in der L\u00f6herstra\u00dfe eine Kinovorf\u00fchrung f\u00fcr \u00e4ltere Menschen statt.<br \/>\nGezeigt wird der Film \u201eDie G\u00e4rtnerin von Versailles\u201c. <\/p>\n<p>Als ihr Monsieur Le N\u00c3\u00b4tre (Matthias Schoenarts) die frohe Kunde \u00fcberbringt, dass er sie als Landschaftsg\u00e4rtnerin f\u00fcr den Schlosspark von Versailles ausgew\u00e4hlt hat, ist Sabine De Barra (Kate Winslet) mehr als \u00fcberrascht, denn sie war der festen \u00dcberzeugung, dass ihr Vorstellungsgespr\u00e4ch ein ziemliches Debakel war. Zudem hat der Sonnenk\u00f6nig Ludwig XIV. (Alan Rickman) ganz genaue Vorstellungen zu dem Projekt: Einen Park wie diesen soll es noch nicht gegeben haben, er soll ein extravagantes, verspieltes barockes Meisterwerk werden und am besten auch schon fr\u00fcher als sp\u00e4ter fertig sein. Die Witwe macht sich daher bald ans Werk und trotz einiger R\u00fcckschl\u00e4ge l\u00e4sst sie sich nicht unterkriegen. So gewinnt sie allm\u00e4hlich nicht nur den Respekt des K\u00f6nigs, sondern auch Le N\u00c3\u00b4tres Herz. Doch der ist verheiratet und zu allem \u00dcberfluss \u00fcberschattet auch noch eine Trag\u00f6die aus Sabines Vergangenheit ihr neu aufkeimendes Gl\u00fcck.<\/p>\n<p>Karten zum Preis von 6,50 und 7,50 Euro erhalten Sie im Cinestar.<\/p>\n","protected":false},"excerpt":{"rendered":"<div class=\"tmnf_excerpt\"><p>Am Mittwoch, den 24. Juni, um 15:00 Uhr findet im CineStar in der L\u00f6herstra\u00dfe eine Kinovorf\u00fchrung f\u00fcr \u00e4ltere Menschen statt. Gezeigt wird der Film \u201eDie G\u00e4rtnerin von Versailles\u201c. Als ihr Monsieur Le N\u00c3\u00b4tre (Matthias Schoenarts) die frohe Kunde \u00fcberbringt, dass er sie als Landschaftsg\u00e4rtnerin f\u00fcr den Schlosspark von Versailles ausgew\u00e4hlt hat, ist Sabine De Barra &hellip;<\/p>\n<\/div>","protected":false},"author":1,"featured_media":0,"comment_status":"closed","ping_status":"closed","sticky":false,"template":"","format":"standard","meta":{"footnotes":""},"categories":[1,44],"tags":[],"class_list":["post-139895","post","type-post","status-publish","format-standard","hentry","category-startseite","category-kultur"],"_links":{"self":[{"href":"https:\/\/www.fuldaernachrichten.de\/index.php?rest_route=\/wp\/v2\/posts\/139895","targetHints":{"allow":["GET"]}}],"collection":[{"href":"https:\/\/www.fuldaernachrichten.de\/index.php?rest_route=\/wp\/v2\/posts"}],"about":[{"href":"https:\/\/www.fuldaernachrichten.de\/index.php?rest_route=\/wp\/v2\/types\/post"}],"author":[{"embeddable":true,"href":"https:\/\/www.fuldaernachrichten.de\/index.php?rest_route=\/wp\/v2\/users\/1"}],"replies":[{"embeddable":true,"href":"https:\/\/www.fuldaernachrichten.de\/index.php?rest_route=%2Fwp%2Fv2%2Fcomments&post=139895"}],"version-history":[{"count":1,"href":"https:\/\/www.fuldaernachrichten.de\/index.php?rest_route=\/wp\/v2\/posts\/139895\/revisions"}],"predecessor-version":[{"id":139896,"href":"https:\/\/www.fuldaernachrichten.de\/index.php?rest_route=\/wp\/v2\/posts\/139895\/revisions\/139896"}],"wp:attachment":[{"href":"https:\/\/www.fuldaernachrichten.de\/index.php?rest_route=%2Fwp%2Fv2%2Fmedia&parent=139895"}],"wp:term":[{"taxonomy":"category","embeddable":true,"href":"https:\/\/www.fuldaernachrichten.de\/index.php?rest_route=%2Fwp%2Fv2%2Fcategories&post=139895"},{"taxonomy":"post_tag","embeddable":true,"href":"https:\/\/www.fuldaernachrichten.de\/index.php?rest_route=%2Fwp%2Fv2%2Ftags&post=139895"}],"curies":[{"name":"wp","href":"https:\/\/api.w.org\/{rel}","templated":true}]}}