{"id":139876,"date":"2015-06-15T19:34:13","date_gmt":"2015-06-15T17:34:13","guid":{"rendered":"http:\/\/www.fuldaer-nachrichten.de\/?p=139876"},"modified":"2015-06-15T19:34:13","modified_gmt":"2015-06-15T17:34:13","slug":"doppelchoerige-motetten-von-johann-sebastian-bach","status":"publish","type":"post","link":"https:\/\/www.fuldaernachrichten.de\/?p=139876","title":{"rendered":"Doppelch\u00f6rige Motetten von Johann Sebastian Bach"},"content":{"rendered":"<p>Am Sonntag, den 21. Juni, findet um 17.30 Uhr in der Christuskirche in Fulda ein Konzert mit dem Kammerchor Fulda, dem Fuldaer Vokalensemble tonART und dem renommierten M\u00fcnchener Barockorchester &#8220;L&#8217;arpa festante&#8221; unter der Leitung von Bezirkskantorin Brigitte Lamohr statt. Neben einer Orchestersuite von Georg Philipp Telemann stehen die drei doppelch\u00f6rigen Motetten &#8220;Singet dem Herrn&#8221;, &#8220;Der Geist hilft unsrer Schwachheit auf&#8221; sowie &#8220;F\u00fcrchte dich nicht&#8221; von Johann Sebastian Bach auf dem Programm. Die achtstimmigen Werke geh\u00f6ren zu den bedeutendsten Kompositionen der Vokalmusik und stellen h\u00f6chste Anforderungen an die Ausf\u00fchrenden. Karten k\u00f6nnen zum Preis von 15 Euro (erm\u00e4\u00dfigt 12 Euro) im Kirchenkreisamt Fulda (Heinrich-von-Bibra-Platz 14a, Tel. 0661\/8388300) und an der Abendkasse erworben werden.<\/p>\n","protected":false},"excerpt":{"rendered":"<div class=\"tmnf_excerpt\"><p>Am Sonntag, den 21. Juni, findet um 17.30 Uhr in der Christuskirche in Fulda ein Konzert mit dem Kammerchor Fulda, dem Fuldaer Vokalensemble tonART und dem renommierten M\u00fcnchener Barockorchester &#8220;L&#8217;arpa festante&#8221; unter der Leitung von Bezirkskantorin Brigitte Lamohr statt. Neben einer Orchestersuite von Georg Philipp Telemann stehen die drei doppelch\u00f6rigen Motetten &#8220;Singet dem Herrn&#8221;, &#8220;Der &hellip;<\/p>\n<\/div>","protected":false},"author":1,"featured_media":139877,"comment_status":"closed","ping_status":"closed","sticky":false,"template":"","format":"standard","meta":{"footnotes":""},"categories":[1],"tags":[],"class_list":["post-139876","post","type-post","status-publish","format-standard","has-post-thumbnail","hentry","category-startseite"],"_links":{"self":[{"href":"https:\/\/www.fuldaernachrichten.de\/index.php?rest_route=\/wp\/v2\/posts\/139876","targetHints":{"allow":["GET"]}}],"collection":[{"href":"https:\/\/www.fuldaernachrichten.de\/index.php?rest_route=\/wp\/v2\/posts"}],"about":[{"href":"https:\/\/www.fuldaernachrichten.de\/index.php?rest_route=\/wp\/v2\/types\/post"}],"author":[{"embeddable":true,"href":"https:\/\/www.fuldaernachrichten.de\/index.php?rest_route=\/wp\/v2\/users\/1"}],"replies":[{"embeddable":true,"href":"https:\/\/www.fuldaernachrichten.de\/index.php?rest_route=%2Fwp%2Fv2%2Fcomments&post=139876"}],"version-history":[{"count":1,"href":"https:\/\/www.fuldaernachrichten.de\/index.php?rest_route=\/wp\/v2\/posts\/139876\/revisions"}],"predecessor-version":[{"id":139878,"href":"https:\/\/www.fuldaernachrichten.de\/index.php?rest_route=\/wp\/v2\/posts\/139876\/revisions\/139878"}],"wp:featuredmedia":[{"embeddable":true,"href":"https:\/\/www.fuldaernachrichten.de\/index.php?rest_route=\/wp\/v2\/media\/139877"}],"wp:attachment":[{"href":"https:\/\/www.fuldaernachrichten.de\/index.php?rest_route=%2Fwp%2Fv2%2Fmedia&parent=139876"}],"wp:term":[{"taxonomy":"category","embeddable":true,"href":"https:\/\/www.fuldaernachrichten.de\/index.php?rest_route=%2Fwp%2Fv2%2Fcategories&post=139876"},{"taxonomy":"post_tag","embeddable":true,"href":"https:\/\/www.fuldaernachrichten.de\/index.php?rest_route=%2Fwp%2Fv2%2Ftags&post=139876"}],"curies":[{"name":"wp","href":"https:\/\/api.w.org\/{rel}","templated":true}]}}