{"id":139871,"date":"2015-06-15T19:06:31","date_gmt":"2015-06-15T17:06:31","guid":{"rendered":"http:\/\/www.fuldaer-nachrichten.de\/?p=139871"},"modified":"2015-06-15T19:11:27","modified_gmt":"2015-06-15T17:11:27","slug":"eduard-stieler-schueler-sieger-beim-karl-von-frisch-preis-ueberragende-leistungen-im-fach-biologie-wurden-honoriert","status":"publish","type":"post","link":"https:\/\/www.fuldaernachrichten.de\/?p=139871","title":{"rendered":"Eduard-Stieler-Sch\u00fcler Sieger beim Karl-von-Frisch-Preis \u00dcberragende Leistungen im Fach Biologie wurden honoriert"},"content":{"rendered":"<p>Am vergangenen Samstag wurde Niclas Weber nach Marburg eingeladen, um Pr\u00e4sentationen von Aspekten der Biowissenschaften und einem Science Slam beizuwohnen, welche von G\u00e4sten aus den Universit\u00e4ten Marburg, Kassel, Gie\u00dfen und Frankfurt dargeboten wurden. Ferner bestand die M\u00f6glichkeit, sich mit diesen in einem \u201eMeet and Greet\u201c \u00fcber deren Studienf\u00e4cher auszutauschen wie auch an Laborf\u00fchrungen teilzunehmen. Schlie\u00dflich erhielten die Preistr\u00e4ger die Urkunden und zus\u00e4tzlich eine kostenlose Jahresmitgliedschaft im VBIO sowie ein Online-Abo der Zeitschrift \u201eBiologie in unserer Zeit\u201c.<\/p>\n<p>Der Verband Biologie, Biowissenschaften und Biomedizin (VBIO) verleiht den Karl-von-Frisch-Preis an hessische Abiturientinnen und Abiturienten, die \u00fcber die gesamte Oberstufe hinweg sowie in der Abiturpr\u00fcfung \u00fcberragende Leistungen im Fach Biologie erbracht haben.<\/p>\n<p>Die Tutorin, Oberstudienr\u00e4tin Gabriele Lellau, die den Sch\u00fcler drei Jahre lang betreut und unterrichtet hat, freute sich mit Niklas, insbesondere, da er auch \u00fcber eine sehr hohe soziale Kompetenz verf\u00fcgt.<\/p>\n","protected":false},"excerpt":{"rendered":"<div class=\"tmnf_excerpt\"><p>Am vergangenen Samstag wurde Niclas Weber nach Marburg eingeladen, um Pr\u00e4sentationen von Aspekten der Biowissenschaften und einem Science Slam beizuwohnen, welche von G\u00e4sten aus den Universit\u00e4ten Marburg, Kassel, Gie\u00dfen und Frankfurt dargeboten wurden. Ferner bestand die M\u00f6glichkeit, sich mit diesen in einem \u201eMeet and Greet\u201c \u00fcber deren Studienf\u00e4cher auszutauschen wie auch an Laborf\u00fchrungen teilzunehmen. Schlie\u00dflich &hellip;<\/p>\n<\/div>","protected":false},"author":1,"featured_media":139872,"comment_status":"closed","ping_status":"closed","sticky":false,"template":"","format":"standard","meta":{"footnotes":""},"categories":[1,53,48],"tags":[],"class_list":["post-139871","post","type-post","status-publish","format-standard","has-post-thumbnail","hentry","category-startseite","category-bildung","category-forschung"],"_links":{"self":[{"href":"https:\/\/www.fuldaernachrichten.de\/index.php?rest_route=\/wp\/v2\/posts\/139871","targetHints":{"allow":["GET"]}}],"collection":[{"href":"https:\/\/www.fuldaernachrichten.de\/index.php?rest_route=\/wp\/v2\/posts"}],"about":[{"href":"https:\/\/www.fuldaernachrichten.de\/index.php?rest_route=\/wp\/v2\/types\/post"}],"author":[{"embeddable":true,"href":"https:\/\/www.fuldaernachrichten.de\/index.php?rest_route=\/wp\/v2\/users\/1"}],"replies":[{"embeddable":true,"href":"https:\/\/www.fuldaernachrichten.de\/index.php?rest_route=%2Fwp%2Fv2%2Fcomments&post=139871"}],"version-history":[{"count":1,"href":"https:\/\/www.fuldaernachrichten.de\/index.php?rest_route=\/wp\/v2\/posts\/139871\/revisions"}],"predecessor-version":[{"id":139873,"href":"https:\/\/www.fuldaernachrichten.de\/index.php?rest_route=\/wp\/v2\/posts\/139871\/revisions\/139873"}],"wp:featuredmedia":[{"embeddable":true,"href":"https:\/\/www.fuldaernachrichten.de\/index.php?rest_route=\/wp\/v2\/media\/139872"}],"wp:attachment":[{"href":"https:\/\/www.fuldaernachrichten.de\/index.php?rest_route=%2Fwp%2Fv2%2Fmedia&parent=139871"}],"wp:term":[{"taxonomy":"category","embeddable":true,"href":"https:\/\/www.fuldaernachrichten.de\/index.php?rest_route=%2Fwp%2Fv2%2Fcategories&post=139871"},{"taxonomy":"post_tag","embeddable":true,"href":"https:\/\/www.fuldaernachrichten.de\/index.php?rest_route=%2Fwp%2Fv2%2Ftags&post=139871"}],"curies":[{"name":"wp","href":"https:\/\/api.w.org\/{rel}","templated":true}]}}