{"id":139866,"date":"2015-06-15T19:05:38","date_gmt":"2015-06-15T17:05:38","guid":{"rendered":"http:\/\/www.fuldaer-nachrichten.de\/?p=139866"},"modified":"2015-06-15T19:05:38","modified_gmt":"2015-06-15T17:05:38","slug":"seniorenreise-der-caritas-fuehrt-nach-bad-wildungen","status":"publish","type":"post","link":"https:\/\/www.fuldaernachrichten.de\/?p=139866","title":{"rendered":"Seniorenreise der Caritas f\u00fchrt nach Bad Wildungen"},"content":{"rendered":"<p>Vom 10. bis 21. August bietet die Caritas im Bistum Fulda im Rahmen ihrer Seniorenreisen einen Kuraufenthalt im Gesundheitszentrum Helenenquelle in Bad Wildungen an. Das Ziel bietet sich f\u00fcr diejenigen \u00e4lteren Menschen an, die das Flair einer Kurstadt genie\u00dfen m\u00f6chten, lange Anfahrten aber scheuen.<\/p>\n<p>Die Hin- und R\u00fcckreise erfolgt gemeinschaftlich mit dem Bus. Alle Zimmer sind mit dem Aufzug erreichbar und mit Du\/WC, Telefon, TV und Notruf ausgestattet. \u00dcber die gesamte Zeit steht den Mitreisenden eine Ansprechpartnerin der Caritas zur Verf\u00fcgung, die auch Angebote zur Freizeitgestaltung macht. Notwendige Pflege kann \u00fcber die Sozialstation vor Ort organisiert werden.<\/p>\n<p>Interessierte erhalten unverbindlich Auskunft beim Caritasverband f\u00fcr die Di\u00f6zese Fulda, Wilhelmstr. 2, 36037 Fulda, Telefon 0661 \/ 2428-131, Fax -112, oder per E-Mail unter monika.kuhnke@caritas-fulda.de. <\/p>\n","protected":false},"excerpt":{"rendered":"<div class=\"tmnf_excerpt\"><p>Vom 10. bis 21. August bietet die Caritas im Bistum Fulda im Rahmen ihrer Seniorenreisen einen Kuraufenthalt im Gesundheitszentrum Helenenquelle in Bad Wildungen an. Das Ziel bietet sich f\u00fcr diejenigen \u00e4lteren Menschen an, die das Flair einer Kurstadt genie\u00dfen m\u00f6chten, lange Anfahrten aber scheuen. Die Hin- und R\u00fcckreise erfolgt gemeinschaftlich mit dem Bus. Alle Zimmer &hellip;<\/p>\n<\/div>","protected":false},"author":1,"featured_media":0,"comment_status":"closed","ping_status":"closed","sticky":false,"template":"","format":"standard","meta":{"footnotes":""},"categories":[1],"tags":[],"class_list":["post-139866","post","type-post","status-publish","format-standard","hentry","category-startseite"],"_links":{"self":[{"href":"https:\/\/www.fuldaernachrichten.de\/index.php?rest_route=\/wp\/v2\/posts\/139866","targetHints":{"allow":["GET"]}}],"collection":[{"href":"https:\/\/www.fuldaernachrichten.de\/index.php?rest_route=\/wp\/v2\/posts"}],"about":[{"href":"https:\/\/www.fuldaernachrichten.de\/index.php?rest_route=\/wp\/v2\/types\/post"}],"author":[{"embeddable":true,"href":"https:\/\/www.fuldaernachrichten.de\/index.php?rest_route=\/wp\/v2\/users\/1"}],"replies":[{"embeddable":true,"href":"https:\/\/www.fuldaernachrichten.de\/index.php?rest_route=%2Fwp%2Fv2%2Fcomments&post=139866"}],"version-history":[{"count":1,"href":"https:\/\/www.fuldaernachrichten.de\/index.php?rest_route=\/wp\/v2\/posts\/139866\/revisions"}],"predecessor-version":[{"id":139870,"href":"https:\/\/www.fuldaernachrichten.de\/index.php?rest_route=\/wp\/v2\/posts\/139866\/revisions\/139870"}],"wp:attachment":[{"href":"https:\/\/www.fuldaernachrichten.de\/index.php?rest_route=%2Fwp%2Fv2%2Fmedia&parent=139866"}],"wp:term":[{"taxonomy":"category","embeddable":true,"href":"https:\/\/www.fuldaernachrichten.de\/index.php?rest_route=%2Fwp%2Fv2%2Fcategories&post=139866"},{"taxonomy":"post_tag","embeddable":true,"href":"https:\/\/www.fuldaernachrichten.de\/index.php?rest_route=%2Fwp%2Fv2%2Ftags&post=139866"}],"curies":[{"name":"wp","href":"https:\/\/api.w.org\/{rel}","templated":true}]}}