{"id":139858,"date":"2015-06-15T19:06:36","date_gmt":"2015-06-15T17:06:36","guid":{"rendered":"http:\/\/www.fuldaer-nachrichten.de\/?p=139858"},"modified":"2015-06-15T19:06:36","modified_gmt":"2015-06-15T17:06:36","slug":"rhoensprudel-fruehlingsfest-mit-rund-10-000-besuchern","status":"publish","type":"post","link":"https:\/\/www.fuldaernachrichten.de\/?p=139858","title":{"rendered":"Rh\u00f6nSprudel Fr\u00fchlingsfest mit rund 10 000 Besuchern"},"content":{"rendered":"<p>Bestes Fr\u00fchsommerwetter, tolle Aktionen, Spannung, Spiel und Spa\u00df f\u00fcr die ganze Familie \u2013 das alles bot das Rh\u00f6nSprudel Fr\u00fchlingsfest am vergangenen Sonntag. Auf dem Betriebsgel\u00e4nde im hessischen Weyhers pr\u00e4sentierte sich auch das Biosph\u00e4renreservat Rh\u00f6n mit verschiedenen aktuellen Projekten und unterstrich so die langj\u00e4hrige Partnerschaft mit dem Unternehmen.<\/p>\n<p>Rund 10 000 Besucher aus der ganzen Region und dar\u00fcber hinaus nutzten die Gelegenheit, um den MineralBrunnen Rh\u00f6nSprudel n\u00e4her kennen zu lernen und hinter die Kulissen der beliebten Erfrischungsprodukte zu schauen. Auf der Hauptb\u00fchne gab es ein kurzweiliges Programm, durch das die bekannte S\u00e4ngerin und Moderatorin Isabel Varell f\u00fchrte. In der \u201eWasser-Wunder-Welt\u201c konnten sich die G\u00e4ste des Rh\u00f6nSprudel Fr\u00fchlingsfestes \u00fcber die Firmengeschichte und rund um das Thema Wasser informieren. Hier erfuhren sie auch, dass das nachhaltige Wirtschaften seit jeher einen hohen Stellenwert im Unternehmen hat. 21 Grundwassermessstellen kontrollieren kontinuierlich den Grundwasserspiegel. F\u00fcr alle bebauten Fl\u00e4chen legt Rh\u00f6nSprudel als Ausgleich Biotope an: So bleibt die Biosph\u00e4re im Gleichgewicht.<\/p>\n<p>In der \u201eErlebniswelt Biosph\u00e4renreservat\u201c luden die Junior-Ranger des Biosph\u00e4renreservats Rh\u00f6n und die Jugendf\u00f6rderung Fulda zum Mitmachen ein \u2013 beispielsweise beim Bau eines eigenen Insektenhotels oder beim Gestalten von ganz pers\u00f6nlichen Ohrzwickerh\u00e4uschen. Au\u00dferdem wurden aktuelle Artenschutzprojekte wie die Wiederansiedlung des Deutschen Edelkrebses in Rh\u00f6ner Gew\u00e4ssern, das Rotmilan-Projekt der Regionalen Arbeitsgemeinschaft Rh\u00f6n oder der Internationale Sternenpark Rh\u00f6n vorgestellt. \u201eWir erreichen hier sehr viele Familien mit Kindern. Das Rh\u00f6nSprudel Fr\u00fchlingsfest ist inzwischen zu einem festen Baustein in unserer Umweltbildungsarbeit geworden\u201c, betonte der Leiter der Hessischen Verwaltungsstelle des Biosph\u00e4renreservats Rh\u00f6n, Torsten Raab.<\/p>\n<p>\u201eWir sind ein Unternehmen mit Sitz im UNESCO-Biosph\u00e4renreservat Rh\u00f6n und profitieren von diesem Alleinstellungsmerkmal sehr stark. Deshalb ist es uns ein besonderes Anliegen, bei unserem Fr\u00fchlingsfest dem Biosph\u00e4renreservat eine breite Plattform einzur\u00e4umen\u201c, unterstrich der Gesch\u00e4ftsf\u00fchrer der Rh\u00f6nSprudel-Gruppe, Christian Schindel. Die enge Kooperation habe schlie\u00dflich auch dazu gef\u00fchrt, dass der MineralBrunnen das Rh\u00f6nSprudel Biosph\u00e4ren-Camp ins Leben gerufen habe, um Kinder aus der ganzen Bundesrepublik mit den Besonderheiten der Rh\u00f6n bekannt zu machen.<\/p>\n<p>Die enge Verbindung des MineralBrunnen Rh\u00f6nSprudel zur Region wurde auch durch das gastronomische Angebot an diesem Tag deutlich: vier Rh\u00f6ner Charme-Mitgliedsbetriebe sorgten f\u00fcr absoluten Genuss \u2013 angefangen vom Rh\u00f6ner D\u00f6ner \u00fcber Wildscheinspezialit\u00e4ten bis hin zu verschiedenen Cr\u00c3\u00aape-Variationen, beispielsweise mit fr\u00e4nkischem Spargel. Das n\u00e4chste Rh\u00f6nSprudel Fr\u00fchlingsfest wird es dann wieder im sp\u00e4ten Fr\u00fchjahr 2017 geben. <\/p>\n","protected":false},"excerpt":{"rendered":"<div class=\"tmnf_excerpt\"><p>Bestes Fr\u00fchsommerwetter, tolle Aktionen, Spannung, Spiel und Spa\u00df f\u00fcr die ganze Familie \u2013 das alles bot das Rh\u00f6nSprudel Fr\u00fchlingsfest am vergangenen Sonntag. Auf dem Betriebsgel\u00e4nde im hessischen Weyhers pr\u00e4sentierte sich auch das Biosph\u00e4renreservat Rh\u00f6n mit verschiedenen aktuellen Projekten und unterstrich so die langj\u00e4hrige Partnerschaft mit dem Unternehmen. Rund 10 000 Besucher aus der ganzen Region &hellip;<\/p>\n<\/div>","protected":false},"author":1,"featured_media":139860,"comment_status":"closed","ping_status":"closed","sticky":false,"template":"","format":"gallery","meta":{"footnotes":""},"categories":[1,44],"tags":[],"class_list":["post-139858","post","type-post","status-publish","format-gallery","has-post-thumbnail","hentry","category-startseite","category-kultur","post_format-post-format-gallery"],"_links":{"self":[{"href":"https:\/\/www.fuldaernachrichten.de\/index.php?rest_route=\/wp\/v2\/posts\/139858","targetHints":{"allow":["GET"]}}],"collection":[{"href":"https:\/\/www.fuldaernachrichten.de\/index.php?rest_route=\/wp\/v2\/posts"}],"about":[{"href":"https:\/\/www.fuldaernachrichten.de\/index.php?rest_route=\/wp\/v2\/types\/post"}],"author":[{"embeddable":true,"href":"https:\/\/www.fuldaernachrichten.de\/index.php?rest_route=\/wp\/v2\/users\/1"}],"replies":[{"embeddable":true,"href":"https:\/\/www.fuldaernachrichten.de\/index.php?rest_route=%2Fwp%2Fv2%2Fcomments&post=139858"}],"version-history":[{"count":1,"href":"https:\/\/www.fuldaernachrichten.de\/index.php?rest_route=\/wp\/v2\/posts\/139858\/revisions"}],"predecessor-version":[{"id":139874,"href":"https:\/\/www.fuldaernachrichten.de\/index.php?rest_route=\/wp\/v2\/posts\/139858\/revisions\/139874"}],"wp:featuredmedia":[{"embeddable":true,"href":"https:\/\/www.fuldaernachrichten.de\/index.php?rest_route=\/wp\/v2\/media\/139860"}],"wp:attachment":[{"href":"https:\/\/www.fuldaernachrichten.de\/index.php?rest_route=%2Fwp%2Fv2%2Fmedia&parent=139858"}],"wp:term":[{"taxonomy":"category","embeddable":true,"href":"https:\/\/www.fuldaernachrichten.de\/index.php?rest_route=%2Fwp%2Fv2%2Fcategories&post=139858"},{"taxonomy":"post_tag","embeddable":true,"href":"https:\/\/www.fuldaernachrichten.de\/index.php?rest_route=%2Fwp%2Fv2%2Ftags&post=139858"}],"curies":[{"name":"wp","href":"https:\/\/api.w.org\/{rel}","templated":true}]}}