{"id":139853,"date":"2015-06-15T19:04:53","date_gmt":"2015-06-15T17:04:53","guid":{"rendered":"http:\/\/www.fuldaer-nachrichten.de\/?p=139853"},"modified":"2015-06-15T19:04:53","modified_gmt":"2015-06-15T17:04:53","slug":"rothenkirchen-ist-bunt-und-kugelt-sich","status":"publish","type":"post","link":"https:\/\/www.fuldaernachrichten.de\/?p=139853","title":{"rendered":"Rothenkirchen ist bunt und kugelt sich"},"content":{"rendered":"<p><a href=\"http:\/\/www.fuldaer-nachrichten.de\/wp-content\/uploads\/2015\/06\/P1100556.jpg\"><img fetchpriority=\"high\" decoding=\"async\" src=\"http:\/\/www.fuldaer-nachrichten.de\/wp-content\/uploads\/2015\/06\/P1100556-265x199.jpg\" alt=\"P1100556\" width=\"265\" height=\"199\" class=\"alignleft size-thumbnail wp-image-139859\" srcset=\"https:\/\/www.fuldaernachrichten.de\/wp-content\/uploads\/2015\/06\/P1100556-265x199.jpg 265w, https:\/\/www.fuldaernachrichten.de\/wp-content\/uploads\/2015\/06\/P1100556-600x450.jpg 600w, https:\/\/www.fuldaernachrichten.de\/wp-content\/uploads\/2015\/06\/P1100556.jpg 900w\" sizes=\"(max-width: 265px) 100vw, 265px\" \/><\/a>Anl\u00e4sslich des Dorfjubil\u00e4ums \u201e850 Jahre Rothenkirchen\u201c fand seit Januar 2015 ein Workshop \u201eBunte Kugeln\u201c mit der Holzbildhauerin Julia Lambertz aus Burghaun statt. Ca. 25 Frauen und Kinder haben seitdem jede Woche gehandwerkt und gemalt; das Resultat ist nun in Rothenkirchen an  den Ortseing\u00e4ngen und an verschiedenen Stellen in der Dorfmitte zu begutachten. Erstaunlich, was da passiert ist: viele Bunte Kugeln in verschiedenen Gr\u00f6\u00dfen wurden auf St\u00e4ben in der Erde aufgestellt oder in B\u00e4ume und B\u00fcsche geh\u00e4ngt. Das Motto passt: bunt und rund.<\/p>\n<p>Der Festausschuss bedankt sich bei allen Teilnehmer\/-innen f\u00fcr ihre Kreativit\u00e4t und Engagement, bei der Fa. Breul und der Freiwilligen Feuerwehr Rothenkirchen f\u00fcr die Bereitstellung der R\u00e4umlichkeiten, den Spendern von Materialien und den Helfern\/-innen bei den schwei\u00dftreibenden Arbeiten der L\u00f6cherbohrung. Es hat allen viel Spa\u00df gemacht und die Teilnehmer\/-innen sind sich einig, diese kreative Aktion fortzusetzen. Gerne nehmen sie auch Auftr\u00e4ge entgegen: wer eine bunte Kugel f\u00fcr den Garten haben m\u00f6chte, kann sich gerne an Julia Lambertz oder Hilde Hehr-Willhardt wenden.<br \/>\nDas Festwochenende findet vom 4.9.-7.9.15 statt.<br \/>\nWeitere Infos unter www.rothenkirchen.com<\/p>\n","protected":false},"excerpt":{"rendered":"<div class=\"tmnf_excerpt\"><p>Anl\u00e4sslich des Dorfjubil\u00e4ums \u201e850 Jahre Rothenkirchen\u201c fand seit Januar 2015 ein Workshop \u201eBunte Kugeln\u201c mit der Holzbildhauerin Julia Lambertz aus Burghaun statt. Ca. 25 Frauen und Kinder haben seitdem jede Woche gehandwerkt und gemalt; das Resultat ist nun in Rothenkirchen an den Ortseing\u00e4ngen und an verschiedenen Stellen in der Dorfmitte zu begutachten. Erstaunlich, was da &hellip;<\/p>\n<\/div>","protected":false},"author":1,"featured_media":139857,"comment_status":"closed","ping_status":"closed","sticky":false,"template":"","format":"standard","meta":{"footnotes":""},"categories":[1],"tags":[],"class_list":["post-139853","post","type-post","status-publish","format-standard","has-post-thumbnail","hentry","category-startseite"],"_links":{"self":[{"href":"https:\/\/www.fuldaernachrichten.de\/index.php?rest_route=\/wp\/v2\/posts\/139853","targetHints":{"allow":["GET"]}}],"collection":[{"href":"https:\/\/www.fuldaernachrichten.de\/index.php?rest_route=\/wp\/v2\/posts"}],"about":[{"href":"https:\/\/www.fuldaernachrichten.de\/index.php?rest_route=\/wp\/v2\/types\/post"}],"author":[{"embeddable":true,"href":"https:\/\/www.fuldaernachrichten.de\/index.php?rest_route=\/wp\/v2\/users\/1"}],"replies":[{"embeddable":true,"href":"https:\/\/www.fuldaernachrichten.de\/index.php?rest_route=%2Fwp%2Fv2%2Fcomments&post=139853"}],"version-history":[{"count":1,"href":"https:\/\/www.fuldaernachrichten.de\/index.php?rest_route=\/wp\/v2\/posts\/139853\/revisions"}],"predecessor-version":[{"id":139861,"href":"https:\/\/www.fuldaernachrichten.de\/index.php?rest_route=\/wp\/v2\/posts\/139853\/revisions\/139861"}],"wp:featuredmedia":[{"embeddable":true,"href":"https:\/\/www.fuldaernachrichten.de\/index.php?rest_route=\/wp\/v2\/media\/139857"}],"wp:attachment":[{"href":"https:\/\/www.fuldaernachrichten.de\/index.php?rest_route=%2Fwp%2Fv2%2Fmedia&parent=139853"}],"wp:term":[{"taxonomy":"category","embeddable":true,"href":"https:\/\/www.fuldaernachrichten.de\/index.php?rest_route=%2Fwp%2Fv2%2Fcategories&post=139853"},{"taxonomy":"post_tag","embeddable":true,"href":"https:\/\/www.fuldaernachrichten.de\/index.php?rest_route=%2Fwp%2Fv2%2Ftags&post=139853"}],"curies":[{"name":"wp","href":"https:\/\/api.w.org\/{rel}","templated":true}]}}