{"id":139839,"date":"2015-06-15T19:03:23","date_gmt":"2015-06-15T17:03:23","guid":{"rendered":"http:\/\/www.fuldaer-nachrichten.de\/?p=139839"},"modified":"2015-06-15T19:03:23","modified_gmt":"2015-06-15T17:03:23","slug":"buntes-fest-fuer-alle-generationen","status":"publish","type":"post","link":"https:\/\/www.fuldaernachrichten.de\/?p=139839","title":{"rendered":"Buntes Fest f\u00fcr alle Generationen"},"content":{"rendered":"<p>Das Forum Kinder und Jugendarbeit am Aschenberg, zu dem sich verschiedene Aschenberger Tr\u00e4ger und Vereine zusammengeschlossen haben, hatten zum traditionellen Stadtteilfest eingeladen. Die Veranstalter k\u00f6nnen nur vom Gl\u00fcck reden, dass die Schlechtwetterfront am Aschenberg vorbei gezogen ist. Dieses Jahr hat die Besucherzahl einen Rekord erreicht: es sind weit \u00fcber 500 Besucher gekommen, um bei guter Stimmung den Nachmittag zu genie\u00dfen.<\/p>\n<p>Der Aschenbergplatz verwandelte sich in ein buntes Meer aus St\u00e4nden, dekorierten Tischen und B\u00e4nken. Verschiedene Aktivit\u00e4ten machten das Fest zu einem Erlebnis: Es gab unter anderem das Spielmobil und die H\u00fcpfburg der Arbeiterwohlfahrt, eine Tombola, bei der jedes Los gewann, Torwandschie\u00dfen, GO-Kat und Holzarbeiten im Rahmen des  Projektes \u201eAlles Palette\u201c vom Jugendtreffpunkt Aschenberg .Das Schminkmobil und die Malwerkstatt vom Jugendladen Aschenberg hatte einen gro\u00dfen Andrang von Kindern. Die Vers\u00f6hnungskirche sorgte f\u00fcr Kinderaktionen, der Jugendmigrationsdienst Fulda erfreute viele Besucher mit Hennatattoos. Im Rahmen einer Aktion \u201eSauberer Stadtteil\u201c machte das Team des Mehrgenerationenhauses auf die M\u00fcllproblematik an den Spielpl\u00e4tzen aufmerksam und wies die Bev\u00f6lkerung anhand einiger Quizfragen  auf die richtige M\u00fclltrennung hin. Auf Anregung der Arbeitsgruppe AGESTA fand eine Befragung zum Wohlbefinden im Quartier statt.<\/p>\n<p>Im Mittelpunkt stand das bunte Treiben auf der B\u00fchne. Der wirtschaftliche Leiter der Arbeiterwohlfahrt  Herr  Wolfram Latsch er\u00f6ffnete das Fest  und gab die B\u00fchne frei f\u00fcr die zahlreicherschienenen M\u00fctter vom  Mini-Club, die  mit ihren Kindern  eine Modenschau pr\u00e4sentierten. Es wurde ein vielf\u00e4ltiges Kulturprogramm  auf die Beine gestellt, durch  das die Moderatorinnen Fr. Lisa Mistretta und Diana Van f\u00fchrten. Die Kinder und Erwachsenen des Vereins Harmonie pr\u00e4sentierten Ballett und Bauchtanzauff\u00fchrungen, musikalische Unterhaltung bot der Verein Rodnik . Der B\u00fcrgermeister Dag Wehner  nannte den Stadtteil eins  der erfolgreichsten Beispiele f\u00fcr eine gelungene Integration unterschiedlicher Kulturen.<\/p>\n<p>Im Zuge der sozialraumorientierten Arbeit konnten neue Kooperationspartner gewonnen werden. So sind zum ersten Mal einige Gruppen der Bonifatiusschule und der Jugendchor der Br\u00fcdergemeinde dabei gewesen. Beim n\u00e4chsten Fest wird eine Erweiterung des Mitwirkungskreises angestrebt, wie z. B. die Teilnahme der ans\u00e4ssigen Kindertagesst\u00e4tten. Die beiden Koordinatorinnen des Mehrgenerationenhauses Tatyana Hirsch und Margarete Kl\u00e4r zeigten sich mit dem Verlauf des Festes sehr zufrieden. \u201eMit so vielen Besuchern haben wir gar nicht gerechnet. Ob Spa\u00df bei einer Mitmachaktion oder beim B\u00fchnenprogramm \u2013 jeder kam auf seinem Geschmack\u201c so Hirsch, ihre Kollegin M. Kl\u00e4r erg\u00e4nzt \u201eDas Mehrgenerationenhaus zieht wie ein Magnet immer neue Besucher an\u201c.<br \/>\nDie Festbesucher konnten schon die Bilderausstellung &#8220;Seniorenkunst&#8221;, die im B\u00fcrgerzentrum Aschenberg (Aschenbergplatz 16-18) ab Montag, 15.06.15 zu den \u00d6ffnungszeiten (Mo- Fr von 9.00 Uhr bis 18.00 Uhr)zu sehen, besichtigen. Ausgestellt werden Kunstwerke von Frau Margarete Maul und Herrn Herbert Langer.<\/p>\n<p>Das Fest wurde unterst\u00fctzt  durch Wohnungsbaugesellschaften (Wohnstadt, GWH, Siedlungswerk) und  durch das Hochstiftliche Brauhaus Fulda.<\/p>\n","protected":false},"excerpt":{"rendered":"<div class=\"tmnf_excerpt\"><p>Das Forum Kinder und Jugendarbeit am Aschenberg, zu dem sich verschiedene Aschenberger Tr\u00e4ger und Vereine zusammengeschlossen haben, hatten zum traditionellen Stadtteilfest eingeladen. Die Veranstalter k\u00f6nnen nur vom Gl\u00fcck reden, dass die Schlechtwetterfront am Aschenberg vorbei gezogen ist. Dieses Jahr hat die Besucherzahl einen Rekord erreicht: es sind weit \u00fcber 500 Besucher gekommen, um bei guter &hellip;<\/p>\n<\/div>","protected":false},"author":1,"featured_media":139842,"comment_status":"closed","ping_status":"closed","sticky":false,"template":"","format":"gallery","meta":{"footnotes":""},"categories":[1,44],"tags":[],"class_list":["post-139839","post","type-post","status-publish","format-gallery","has-post-thumbnail","hentry","category-startseite","category-kultur","post_format-post-format-gallery"],"_links":{"self":[{"href":"https:\/\/www.fuldaernachrichten.de\/index.php?rest_route=\/wp\/v2\/posts\/139839","targetHints":{"allow":["GET"]}}],"collection":[{"href":"https:\/\/www.fuldaernachrichten.de\/index.php?rest_route=\/wp\/v2\/posts"}],"about":[{"href":"https:\/\/www.fuldaernachrichten.de\/index.php?rest_route=\/wp\/v2\/types\/post"}],"author":[{"embeddable":true,"href":"https:\/\/www.fuldaernachrichten.de\/index.php?rest_route=\/wp\/v2\/users\/1"}],"replies":[{"embeddable":true,"href":"https:\/\/www.fuldaernachrichten.de\/index.php?rest_route=%2Fwp%2Fv2%2Fcomments&post=139839"}],"version-history":[{"count":1,"href":"https:\/\/www.fuldaernachrichten.de\/index.php?rest_route=\/wp\/v2\/posts\/139839\/revisions"}],"predecessor-version":[{"id":139856,"href":"https:\/\/www.fuldaernachrichten.de\/index.php?rest_route=\/wp\/v2\/posts\/139839\/revisions\/139856"}],"wp:featuredmedia":[{"embeddable":true,"href":"https:\/\/www.fuldaernachrichten.de\/index.php?rest_route=\/wp\/v2\/media\/139842"}],"wp:attachment":[{"href":"https:\/\/www.fuldaernachrichten.de\/index.php?rest_route=%2Fwp%2Fv2%2Fmedia&parent=139839"}],"wp:term":[{"taxonomy":"category","embeddable":true,"href":"https:\/\/www.fuldaernachrichten.de\/index.php?rest_route=%2Fwp%2Fv2%2Fcategories&post=139839"},{"taxonomy":"post_tag","embeddable":true,"href":"https:\/\/www.fuldaernachrichten.de\/index.php?rest_route=%2Fwp%2Fv2%2Ftags&post=139839"}],"curies":[{"name":"wp","href":"https:\/\/api.w.org\/{rel}","templated":true}]}}