{"id":139826,"date":"2015-06-15T14:23:53","date_gmt":"2015-06-15T12:23:53","guid":{"rendered":"http:\/\/www.fuldaer-nachrichten.de\/?p=139826"},"modified":"2015-06-15T14:23:53","modified_gmt":"2015-06-15T12:23:53","slug":"27-neue-gruppenleiter-bei-der-kljb","status":"publish","type":"post","link":"https:\/\/www.fuldaernachrichten.de\/?p=139826","title":{"rendered":"27 neue Gruppenleiter bei der KLJB"},"content":{"rendered":"<p>Nach zwei aufregenden Wochenenden k\u00f6nnen sich nun 27 junge Frauen und M\u00e4nner offiziell Gruppenleiter nennen. Ende April startete die 27-k\u00f6pfige Gruppe mit dem ersten Teil des zweiteiligen Grundkurses f\u00fcr Gruppenleiter im Ludwig-Wolker-Haus in Kleinsassen, am zweiten Juniwochenende trafen sich die ehrenamtlichen Jugendlichen erneut, um die Inhalte zum Erhalt der Jugendleiter-Card des Landes Hessen (JuLeiCa) zu vervollst\u00e4ndigen.<\/p>\n<p>Das Team der Katholischen Landjugendbewegung Fulda hat den jungen Gruppenleitern neben zahlreichen Informationen rund um die Themen Jugendschutzgesetz, Aufsichtspflicht, Versicherungen und Finanzen auch viele neue Anregungen f\u00fcr die Gestaltung ihrer Gruppenstunden und Zeltlager sowie eine gro\u00dfe Sammlung an Gro\u00df- und Kleingruppenspielen vermittelt. Eine ausf\u00fchrliche Schulung zur \u201ePr\u00e4vention sexualisierter Gewalt\u201c war ebenfalls Teil des vielf\u00e4ltigen Kurses.<\/p>\n<p>Auch im n\u00e4chsten Jahr veranstaltet die KLJB Fulda wieder einen zweiteiligen Juleica-Gruppenleiterkurs f\u00fcr alle interessierten Jugendlichen, die sich im Bereich Kinder- und Jugendarbeit engagieren m\u00f6chten.<\/p>\n<p>Au\u00dferdem bietet die KLJB Fulda in diesem Sommer verschiedene Freizeiten f\u00fcr Kinder in Kleinsassen und f\u00fcr Jugendliche an der Ostsee an. Daf\u00fcr sind noch Pl\u00e4tze frei.<\/p>\n","protected":false},"excerpt":{"rendered":"<div class=\"tmnf_excerpt\"><p>Nach zwei aufregenden Wochenenden k\u00f6nnen sich nun 27 junge Frauen und M\u00e4nner offiziell Gruppenleiter nennen. Ende April startete die 27-k\u00f6pfige Gruppe mit dem ersten Teil des zweiteiligen Grundkurses f\u00fcr Gruppenleiter im Ludwig-Wolker-Haus in Kleinsassen, am zweiten Juniwochenende trafen sich die ehrenamtlichen Jugendlichen erneut, um die Inhalte zum Erhalt der Jugendleiter-Card des Landes Hessen (JuLeiCa) zu &hellip;<\/p>\n<\/div>","protected":false},"author":1,"featured_media":139827,"comment_status":"closed","ping_status":"closed","sticky":false,"template":"","format":"standard","meta":{"footnotes":""},"categories":[1,50],"tags":[],"class_list":["post-139826","post","type-post","status-publish","format-standard","has-post-thumbnail","hentry","category-startseite","category-kirche"],"_links":{"self":[{"href":"https:\/\/www.fuldaernachrichten.de\/index.php?rest_route=\/wp\/v2\/posts\/139826","targetHints":{"allow":["GET"]}}],"collection":[{"href":"https:\/\/www.fuldaernachrichten.de\/index.php?rest_route=\/wp\/v2\/posts"}],"about":[{"href":"https:\/\/www.fuldaernachrichten.de\/index.php?rest_route=\/wp\/v2\/types\/post"}],"author":[{"embeddable":true,"href":"https:\/\/www.fuldaernachrichten.de\/index.php?rest_route=\/wp\/v2\/users\/1"}],"replies":[{"embeddable":true,"href":"https:\/\/www.fuldaernachrichten.de\/index.php?rest_route=%2Fwp%2Fv2%2Fcomments&post=139826"}],"version-history":[{"count":1,"href":"https:\/\/www.fuldaernachrichten.de\/index.php?rest_route=\/wp\/v2\/posts\/139826\/revisions"}],"predecessor-version":[{"id":139828,"href":"https:\/\/www.fuldaernachrichten.de\/index.php?rest_route=\/wp\/v2\/posts\/139826\/revisions\/139828"}],"wp:featuredmedia":[{"embeddable":true,"href":"https:\/\/www.fuldaernachrichten.de\/index.php?rest_route=\/wp\/v2\/media\/139827"}],"wp:attachment":[{"href":"https:\/\/www.fuldaernachrichten.de\/index.php?rest_route=%2Fwp%2Fv2%2Fmedia&parent=139826"}],"wp:term":[{"taxonomy":"category","embeddable":true,"href":"https:\/\/www.fuldaernachrichten.de\/index.php?rest_route=%2Fwp%2Fv2%2Fcategories&post=139826"},{"taxonomy":"post_tag","embeddable":true,"href":"https:\/\/www.fuldaernachrichten.de\/index.php?rest_route=%2Fwp%2Fv2%2Ftags&post=139826"}],"curies":[{"name":"wp","href":"https:\/\/api.w.org\/{rel}","templated":true}]}}