{"id":139789,"date":"2015-06-14T09:34:36","date_gmt":"2015-06-14T07:34:36","guid":{"rendered":"http:\/\/www.fuldaer-nachrichten.de\/?p=139789"},"modified":"2015-06-14T09:34:36","modified_gmt":"2015-06-14T07:34:36","slug":"sommerfest-der-adoptionsvermittlungsstelle-2","status":"publish","type":"post","link":"https:\/\/www.fuldaernachrichten.de\/?p=139789","title":{"rendered":"Sommerfest der Adoptionsvermittlungsstelle"},"content":{"rendered":"<p>Die gemeinsame Adoptionsvermittlungsstelle der Landkreise Fulda und Hersfeld-Rotenburg sowie der Stadt Fulda l\u00e4dt alle Adoptivfamilien und -bewerber zu ihrem Sommerfest am Freitag, 19. Juni, ab 15.00 Uhr in den \u201eKreisgarten\u201c des Landratsamts in Fulda, W\u00f6rthstra\u00dfe 15, ein. Eine Kinderbetreuung wird angeboten. F\u00fcr das leibliche Wohl mit Kaffee und Kuchen sowie kalten Getr\u00e4nken und Grillw\u00fcrstchen ist gesorgt. Um Anmeldung bis zum 16. Juni unter Telefon (0661)6006-9391 oder per E-Mail adoption@landkreis-fulda.de wird gebeten.<\/p>\n","protected":false},"excerpt":{"rendered":"<div class=\"tmnf_excerpt\"><p>Die gemeinsame Adoptionsvermittlungsstelle der Landkreise Fulda und Hersfeld-Rotenburg sowie der Stadt Fulda l\u00e4dt alle Adoptivfamilien und -bewerber zu ihrem Sommerfest am Freitag, 19. Juni, ab 15.00 Uhr in den \u201eKreisgarten\u201c des Landratsamts in Fulda, W\u00f6rthstra\u00dfe 15, ein. Eine Kinderbetreuung wird angeboten. F\u00fcr das leibliche Wohl mit Kaffee und Kuchen sowie kalten Getr\u00e4nken und Grillw\u00fcrstchen ist &hellip;<\/p>\n<\/div>","protected":false},"author":1,"featured_media":0,"comment_status":"closed","ping_status":"closed","sticky":false,"template":"","format":"standard","meta":{"footnotes":""},"categories":[1],"tags":[],"class_list":["post-139789","post","type-post","status-publish","format-standard","hentry","category-startseite"],"_links":{"self":[{"href":"https:\/\/www.fuldaernachrichten.de\/index.php?rest_route=\/wp\/v2\/posts\/139789","targetHints":{"allow":["GET"]}}],"collection":[{"href":"https:\/\/www.fuldaernachrichten.de\/index.php?rest_route=\/wp\/v2\/posts"}],"about":[{"href":"https:\/\/www.fuldaernachrichten.de\/index.php?rest_route=\/wp\/v2\/types\/post"}],"author":[{"embeddable":true,"href":"https:\/\/www.fuldaernachrichten.de\/index.php?rest_route=\/wp\/v2\/users\/1"}],"replies":[{"embeddable":true,"href":"https:\/\/www.fuldaernachrichten.de\/index.php?rest_route=%2Fwp%2Fv2%2Fcomments&post=139789"}],"version-history":[{"count":1,"href":"https:\/\/www.fuldaernachrichten.de\/index.php?rest_route=\/wp\/v2\/posts\/139789\/revisions"}],"predecessor-version":[{"id":139790,"href":"https:\/\/www.fuldaernachrichten.de\/index.php?rest_route=\/wp\/v2\/posts\/139789\/revisions\/139790"}],"wp:attachment":[{"href":"https:\/\/www.fuldaernachrichten.de\/index.php?rest_route=%2Fwp%2Fv2%2Fmedia&parent=139789"}],"wp:term":[{"taxonomy":"category","embeddable":true,"href":"https:\/\/www.fuldaernachrichten.de\/index.php?rest_route=%2Fwp%2Fv2%2Fcategories&post=139789"},{"taxonomy":"post_tag","embeddable":true,"href":"https:\/\/www.fuldaernachrichten.de\/index.php?rest_route=%2Fwp%2Fv2%2Ftags&post=139789"}],"curies":[{"name":"wp","href":"https:\/\/api.w.org\/{rel}","templated":true}]}}