{"id":139776,"date":"2015-06-13T10:16:09","date_gmt":"2015-06-13T08:16:09","guid":{"rendered":"http:\/\/www.fuldaer-nachrichten.de\/?p=139776"},"modified":"2015-06-13T10:16:09","modified_gmt":"2015-06-13T08:16:09","slug":"kuchen-im-glas","status":"publish","type":"post","link":"https:\/\/www.fuldaernachrichten.de\/?p=139776","title":{"rendered":"Kuchen im Glas"},"content":{"rendered":"<p>Kuchen im Glas ist bestens geeignet f\u00fcr \u00fcberraschende G\u00e4ste, auch als \u201eMitbringsel\u201c oder Geschenk eignet sich diese interessante Kuchenvariante. In einem Kurs der Volkshochschule des Landkreises Fulda zeigt Ute Krenzer den Teilnehmern, wie es gemacht wird und wie sie Familie oder G\u00e4ste mit au\u00dfergew\u00f6hnlichen Kreationen begeistern k\u00f6nnen. Beginn ist am Montag, 29. Juni, um 18.00 Uhr in der K\u00fcche des Georg-Stieler-Hauses, Gallasiniring 1, in Fulda. Infos und vorherige Anmeldung unter www.vhs-fulda.de oder bei der VHS-Gesch\u00e4ftsstelle, Telefon (0661)25199-0.<\/p>\n","protected":false},"excerpt":{"rendered":"<div class=\"tmnf_excerpt\"><p>Kuchen im Glas ist bestens geeignet f\u00fcr \u00fcberraschende G\u00e4ste, auch als \u201eMitbringsel\u201c oder Geschenk eignet sich diese interessante Kuchenvariante. In einem Kurs der Volkshochschule des Landkreises Fulda zeigt Ute Krenzer den Teilnehmern, wie es gemacht wird und wie sie Familie oder G\u00e4ste mit au\u00dfergew\u00f6hnlichen Kreationen begeistern k\u00f6nnen. Beginn ist am Montag, 29. Juni, um 18.00 &hellip;<\/p>\n<\/div>","protected":false},"author":1,"featured_media":0,"comment_status":"closed","ping_status":"closed","sticky":false,"template":"","format":"standard","meta":{"footnotes":""},"categories":[1],"tags":[],"class_list":["post-139776","post","type-post","status-publish","format-standard","hentry","category-startseite"],"_links":{"self":[{"href":"https:\/\/www.fuldaernachrichten.de\/index.php?rest_route=\/wp\/v2\/posts\/139776","targetHints":{"allow":["GET"]}}],"collection":[{"href":"https:\/\/www.fuldaernachrichten.de\/index.php?rest_route=\/wp\/v2\/posts"}],"about":[{"href":"https:\/\/www.fuldaernachrichten.de\/index.php?rest_route=\/wp\/v2\/types\/post"}],"author":[{"embeddable":true,"href":"https:\/\/www.fuldaernachrichten.de\/index.php?rest_route=\/wp\/v2\/users\/1"}],"replies":[{"embeddable":true,"href":"https:\/\/www.fuldaernachrichten.de\/index.php?rest_route=%2Fwp%2Fv2%2Fcomments&post=139776"}],"version-history":[{"count":1,"href":"https:\/\/www.fuldaernachrichten.de\/index.php?rest_route=\/wp\/v2\/posts\/139776\/revisions"}],"predecessor-version":[{"id":139777,"href":"https:\/\/www.fuldaernachrichten.de\/index.php?rest_route=\/wp\/v2\/posts\/139776\/revisions\/139777"}],"wp:attachment":[{"href":"https:\/\/www.fuldaernachrichten.de\/index.php?rest_route=%2Fwp%2Fv2%2Fmedia&parent=139776"}],"wp:term":[{"taxonomy":"category","embeddable":true,"href":"https:\/\/www.fuldaernachrichten.de\/index.php?rest_route=%2Fwp%2Fv2%2Fcategories&post=139776"},{"taxonomy":"post_tag","embeddable":true,"href":"https:\/\/www.fuldaernachrichten.de\/index.php?rest_route=%2Fwp%2Fv2%2Ftags&post=139776"}],"curies":[{"name":"wp","href":"https:\/\/api.w.org\/{rel}","templated":true}]}}