{"id":139765,"date":"2015-06-12T11:50:44","date_gmt":"2015-06-12T09:50:44","guid":{"rendered":"http:\/\/www.fuldaer-nachrichten.de\/?p=139765"},"modified":"2015-06-12T11:50:44","modified_gmt":"2015-06-12T09:50:44","slug":"bist-du-ein-grenzkenner-hessenweite-aktionstage-des-projektes-hart-am-limit-halt-%e2%80%a8im-rahmen-der-aktionswoche-alkohol-vom-13-21-juni-2015","status":"publish","type":"post","link":"https:\/\/www.fuldaernachrichten.de\/?p=139765","title":{"rendered":"Bist DU ein GRENZKENNER?   Hessenweite Aktionstage des Projektes \u00c2\u00bbHart am Limit (HaLT)\u00c2\u00ab \u00e2\u20ac\u00a8im Rahmen der Aktionswoche Alkohol vom 13. &#8211; 21. Juni 2015"},"content":{"rendered":"<p>Seit \u00fcber zehn Jahren ist die Anzahl von Kindern und Jugendlichen, die mit einer Alkoholvergiftung in ein Krankenhaus eingeliefert wurden, kontinuierlich gestiegen. Erstmals z\u00e4hlte das Statistische Landesamt im Jahr 2013 in Hessen weniger dieser \u201eGrenz\u00fcberschreitungen\u201c (1173) als im Vorjahr (1380).<\/p>\n<p>\u201eEs ist allerdings noch zu fr\u00fch, um bereits von einer Trendwende zu sprechen. Wir m\u00fcssen die n\u00e4chsten Jahre abwarten, ob die Einweisungszahlen weiter abnehmen\u201c, so Wolfgang Schmidt-Rosengarten, Gesch\u00e4ftsf\u00fchrer der Hessischen Landesstelle f\u00fcr Suchtfragen.<\/p>\n<p>Eigene Grenzen erfahren und einen bewussten Umgang mit Alkohol zu erlernen, hat sich das Projekt \u00c2\u00bbHart am Limit\u00c2\u00ab (HaLT) zur Aufgabe gemacht. Seit 2011 wird es in 19 hessischen Gro\u00dfst\u00e4dten und Kreisen durchgef\u00fchrt. Der Hessische Gesundheitsminister Stefan Gr\u00fcttner hat das erfolgreiche Projekt bereits 2013 verl\u00e4ngert.<\/p>\n<p>Im Rahmen hessenweiter Aktionstage in der Aktionswoche Alkohol vom 13. &#8211; 21. Juni nehmen, auf Initiative und mit Unterst\u00fctzung der Hessischen Landesstelle f\u00fcr Suchtfragen e.V. (HLS), 13 Regionen, in denen das Projekt \u201eHart am Limit \u2013 HaLT\u201c durchgef\u00fchrt wird, teil. Rund um das Thema \u201eGrenzen erfahren\u201c werden von den Fachkr\u00e4ften vor Ort Mitmach-Aktionen an Kletterw\u00e4nden, Kistenstapeln, Rauschparcours, Malaktionen und Quizspiele angeboten, bei denen die eigenen \u00c2\u00bbGrenzen\u00c2\u00ab erfahren und erprobt werden k\u00f6nnen. Informationen \u00fcber riskanten Alkoholkonsum bei Kinder- und Jugendlichen bieten die Informationsst\u00e4nde der regionalen Suchtberatungsstellen.<\/p>\n<p>\u201eHaLT\u201c ist ein bundesweit erprobtes Konzept zur Pr\u00e4vention und Fr\u00fchintervention bei exzessivem Alkoholkonsum von Jugendlichen, das bundesweit in \u00fcber 175 Standorten durchgef\u00fchrt wird. Es besteht aus einem reaktiven Baustein, in dem Gespr\u00e4che mit Eltern und\/oder dem betroffenen Kind\/Jugendlichen bei exzessivem Alkoholkonsum w\u00e4hrend eines Klinikaufenthaltes angeboten werden und einem proaktiven Baustein, der sich mit differenzierten und vernetzten Ma\u00dfnahmen zur Alkoholpr\u00e4vention auf kommunaler Ebene an die breite Bev\u00f6lkerung wendet, um einen verantwortungsbewussten Umgang mit Alkohol zu f\u00f6rdern.<\/p>\n<p>\u201eHaLT in Hessen\u201c ist eine gemeinsame Initiative des Hessischen Ministeriums f\u00fcr Soziales und Integration, der gesetzlichen und privaten Krankenkassen, der beteiligten Kommunen und Kreise, der Hessischen Landesstelle f\u00fcr Suchtfragen e.V. (HLS) und den Tr\u00e4gern der Suchthilfe.<\/p>\n<p>F\u00fcr R\u00fcckfragen steht Ihnen der Gesch\u00e4ftsf\u00fchrer der HLS, Herr Wolfgang Schmidt-Rosengarten, unter der Rufnummer 069-71 37 67 77 gerne zur Verf\u00fcgung.<\/p>\n<p>Ebenso k\u00f6nnen Sie weitere Information \u00fcber die Fachstelle f\u00fcr Suchtpr\u00e4vention im Vogelsberg, Ansprechpartner Wolfgang Weiser, unter 06641 63362 erhalten. Im Rahmen der Aktionswoche finden am 15. und 16. Juni Projekttage am Alexander von Humboldt Gymnasium in Lauterbach statt. Mit Unterst\u00fctzung des \u201eKlarsichtparcours\u201c der BZGA bekommen die Jugendlichen der Jahrgangsstufe 7 wichtige Informationen \u00fcber den Umgang mit Alkohol und Nikotin. Die einzelnen Stationen werden von Abiturienten der Schule moderiert. Diese wurden von Wolfgang Weiser (Fachstelle f\u00fcr Suchtpr\u00e4vention) und Gesine Simon (Beratungslehrerin f\u00fcr Sucht- und Drogenpr\u00e4vention am AvH) geschult.<\/p>\n<p>Mehr Informationen zu dem Projekt \u201eHaLT in Hessen\u201c finden Sie unter: \u00e2\u20ac\u00a8www.halt-in-hessen.de.<br \/>\nInformationen zur bundesweiten Aktionswoche Alkohol finden Sie hier:<br \/>\nwww.Aktionswoche-alkohol.de<\/p>\n","protected":false},"excerpt":{"rendered":"<div class=\"tmnf_excerpt\"><p>Seit \u00fcber zehn Jahren ist die Anzahl von Kindern und Jugendlichen, die mit einer Alkoholvergiftung in ein Krankenhaus eingeliefert wurden, kontinuierlich gestiegen. Erstmals z\u00e4hlte das Statistische Landesamt im Jahr 2013 in Hessen weniger dieser \u201eGrenz\u00fcberschreitungen\u201c (1173) als im Vorjahr (1380). \u201eEs ist allerdings noch zu fr\u00fch, um bereits von einer Trendwende zu sprechen. Wir m\u00fcssen &hellip;<\/p>\n<\/div>","protected":false},"author":1,"featured_media":0,"comment_status":"closed","ping_status":"closed","sticky":false,"template":"","format":"standard","meta":{"footnotes":""},"categories":[1,51],"tags":[],"class_list":["post-139765","post","type-post","status-publish","format-standard","hentry","category-startseite","category-medizin"],"_links":{"self":[{"href":"https:\/\/www.fuldaernachrichten.de\/index.php?rest_route=\/wp\/v2\/posts\/139765","targetHints":{"allow":["GET"]}}],"collection":[{"href":"https:\/\/www.fuldaernachrichten.de\/index.php?rest_route=\/wp\/v2\/posts"}],"about":[{"href":"https:\/\/www.fuldaernachrichten.de\/index.php?rest_route=\/wp\/v2\/types\/post"}],"author":[{"embeddable":true,"href":"https:\/\/www.fuldaernachrichten.de\/index.php?rest_route=\/wp\/v2\/users\/1"}],"replies":[{"embeddable":true,"href":"https:\/\/www.fuldaernachrichten.de\/index.php?rest_route=%2Fwp%2Fv2%2Fcomments&post=139765"}],"version-history":[{"count":1,"href":"https:\/\/www.fuldaernachrichten.de\/index.php?rest_route=\/wp\/v2\/posts\/139765\/revisions"}],"predecessor-version":[{"id":139766,"href":"https:\/\/www.fuldaernachrichten.de\/index.php?rest_route=\/wp\/v2\/posts\/139765\/revisions\/139766"}],"wp:attachment":[{"href":"https:\/\/www.fuldaernachrichten.de\/index.php?rest_route=%2Fwp%2Fv2%2Fmedia&parent=139765"}],"wp:term":[{"taxonomy":"category","embeddable":true,"href":"https:\/\/www.fuldaernachrichten.de\/index.php?rest_route=%2Fwp%2Fv2%2Fcategories&post=139765"},{"taxonomy":"post_tag","embeddable":true,"href":"https:\/\/www.fuldaernachrichten.de\/index.php?rest_route=%2Fwp%2Fv2%2Ftags&post=139765"}],"curies":[{"name":"wp","href":"https:\/\/api.w.org\/{rel}","templated":true}]}}