{"id":139750,"date":"2015-06-12T11:47:19","date_gmt":"2015-06-12T09:47:19","guid":{"rendered":"http:\/\/www.fuldaer-nachrichten.de\/?p=139750"},"modified":"2015-06-12T11:47:19","modified_gmt":"2015-06-12T09:47:19","slug":"bifuldatal-in-kasseler-gymnasium-projekt-energiewende-im-unterricht","status":"publish","type":"post","link":"https:\/\/www.fuldaernachrichten.de\/?p=139750","title":{"rendered":"BIFuldatal in Kasseler Gymnasium &#8211; Projekt \u201eEnergiewende\u201c im Unterricht"},"content":{"rendered":"<p><a href=\"http:\/\/www.fuldaer-nachrichten.de\/wp-content\/uploads\/2015\/06\/2015-06-10-001.jpg\"><img fetchpriority=\"high\" decoding=\"async\" class=\"alignleft size-thumbnail wp-image-139753\" src=\"http:\/\/www.fuldaer-nachrichten.de\/wp-content\/uploads\/2015\/06\/2015-06-10-001-265x199.jpg\" alt=\"2015-06-10 001\" width=\"265\" height=\"199\" srcset=\"https:\/\/www.fuldaernachrichten.de\/wp-content\/uploads\/2015\/06\/2015-06-10-001-265x199.jpg 265w, https:\/\/www.fuldaernachrichten.de\/wp-content\/uploads\/2015\/06\/2015-06-10-001-600x450.jpg 600w, https:\/\/www.fuldaernachrichten.de\/wp-content\/uploads\/2015\/06\/2015-06-10-001.jpg 900w\" sizes=\"(max-width: 265px) 100vw, 265px\" \/><\/a>Im Rahmen des Themenfeldes \u201eSpannungsverh\u00e4ltnis \u00d6konomie &amp; \u00d6kologie\u201c innerhalb des Politik\/Wirtschafts-Unterrichts an der Albert-Schweizer-Schule in Kassel stand der Bundesvorsitzende der B\u00fcrgerinitiativen gegen SuedLink Guntram Ziepel aus Fulda-K\u00e4mmerzell den Sch\u00fclerinnen und Sch\u00fclern der Jahrgangsstufe 11 Rede und Antwort zu Fragen des Protestes und Widerstandes gegen SuedLink. Nach Begleitungen von Sch\u00fclern und Studenten bei thematischen Arbeiten zur Energiewende in den vergangenen Monaten war es das erste Mal, dass Vertreter der BIFuldatal zu einer schulinternen Informations- und Diskussionsrunde innerhalb des Unterrichts eingeladen waren. Unter der Leitung und Moderation von PoWi-Lehrer Benjamin Bender informierte Ziepel \u00fcber Ziele und Notwendigkeit der Energiewende, welche auch von der B\u00fcrgerinitiative gesehen\u00c2\u00a0 werde. Allerdings gebe es bei den bisherigen Ans\u00e4tzen, die sich im Wesentlichen auf den reinen Ausbau eines HG\u00dc-Leitungsnetzes in Deutschland beschr\u00e4nken, das ungel\u00f6ste Problem der fehlenden Speicherf\u00e4higkeit des Stroms.<\/p>\n<p>G 7-Gipfel fordert \u201eDekarbonisierung\u201c \u2013 weg von allen fossilen Brennstoffen<\/p>\n<p><a href=\"http:\/\/www.fuldaer-nachrichten.de\/wp-content\/uploads\/2015\/06\/2015-06-10-004.jpg\"><img decoding=\"async\" class=\"alignleft size-thumbnail wp-image-139755\" src=\"http:\/\/www.fuldaer-nachrichten.de\/wp-content\/uploads\/2015\/06\/2015-06-10-004-265x199.jpg\" alt=\"2015-06-10 004\" width=\"265\" height=\"199\" srcset=\"https:\/\/www.fuldaernachrichten.de\/wp-content\/uploads\/2015\/06\/2015-06-10-004-265x199.jpg 265w, https:\/\/www.fuldaernachrichten.de\/wp-content\/uploads\/2015\/06\/2015-06-10-004-600x450.jpg 600w, https:\/\/www.fuldaernachrichten.de\/wp-content\/uploads\/2015\/06\/2015-06-10-004.jpg 900w\" sizes=\"(max-width: 265px) 100vw, 265px\" \/><\/a>Ganz aktuell sei\u00c2\u00a0 die Frage der notwendigen Speicherf\u00e4higkeit von Energie\u00c2\u00a0 im Zusammenhang mit dem G 7-Gipfel im bayrischen Schloss Elmau am vergangenen Wochenende in die \u00d6ffentlichkeit gebracht worden. Wenn die Bundeskanzlerin Angela Merkel als eine der Vereinbarungen des Gipfels den Begriff der \u201eDekarbonisierung\u201c angesprochen habe, also des\u00c2\u00a0 Ausstiegs aus der Energieversorgung mit \u00d6l, Gas und Kohle, so sei damit unmittelbar die Notwendigkeit der Energiespeicherung gegeben. Wenn \u00d6l, Gas und Kohle als fossile Brennstoffe, die derzeit ca. 80 Prozent des Energiebedarfes in Deutschland ausmachen, in 30 bis 50 Jahren verbraucht und nicht mehr verf\u00fcgbar seien, so sei es um so wichtiger, dass man in Deutschland den aus regenerativen Energiequellen gewonnenen Strom in speicherf\u00e4hige Energie umwandele, um damit den Bedarf u. a. f\u00fcr die W\u00e4rmeerzeugung f\u00fcr Heizung und Warmwasser ganzj\u00e4hrig sicherzustellen. Und hier sei die Umwandlung von Strom in speicherf\u00e4higes Gas die derzeit am ehesten realistische Technologie. Erste Power-to-Gas-Anlagen seien auch in Deutschland bereits in Betrieb genommen worden. Die Umwandlung in Gas habe zudem den Vorteil, dass man 477.000 Kilometer vorhandene Pipelines in Deutschland sofort nutzen und ohne die HG\u00dc-Leitungen auskommen k\u00f6nne.<\/p>\n<p>In der Diskussion zu Ziepels Informationen interessierten sich die Sch\u00fclerInnen insbesondere f\u00fcr Chancen der Power-to-Gas-Technologie, f\u00fcr die Interessenlagen von Kraftwerksbetreibern, von \u00dcbertragungsnetzbetreibern und f\u00fcr die unterschiedlichen Positionen von Bef\u00fcrwortern und Gegnern der geplanten HG\u00dc-Leitungstrassen.<\/p>\n<p>Man verabschiedete sich voneinander mit der Zusage von Guntram Ziepel, bei Interesse und Bedarf jederzeit wieder miteinander in Kontakt zu treten.<\/p>\n<p>Homepage www.bifuldatal.de oder bei www.facebook.com\/bifuldatal<\/p>\n","protected":false},"excerpt":{"rendered":"<div class=\"tmnf_excerpt\"><p>Im Rahmen des Themenfeldes \u201eSpannungsverh\u00e4ltnis \u00d6konomie &amp; \u00d6kologie\u201c innerhalb des Politik\/Wirtschafts-Unterrichts an der Albert-Schweizer-Schule in Kassel stand der Bundesvorsitzende der B\u00fcrgerinitiativen gegen SuedLink Guntram Ziepel aus Fulda-K\u00e4mmerzell den Sch\u00fclerinnen und Sch\u00fclern der Jahrgangsstufe 11 Rede und Antwort zu Fragen des Protestes und Widerstandes gegen SuedLink. Nach Begleitungen von Sch\u00fclern und Studenten bei thematischen Arbeiten zur &hellip;<\/p>\n<\/div>","protected":false},"author":1,"featured_media":139752,"comment_status":"closed","ping_status":"closed","sticky":false,"template":"","format":"standard","meta":{"footnotes":""},"categories":[1,53,29,52],"tags":[],"class_list":["post-139750","post","type-post","status-publish","format-standard","has-post-thumbnail","hentry","category-startseite","category-bildung","category-politik","category-umwelt"],"_links":{"self":[{"href":"https:\/\/www.fuldaernachrichten.de\/index.php?rest_route=\/wp\/v2\/posts\/139750","targetHints":{"allow":["GET"]}}],"collection":[{"href":"https:\/\/www.fuldaernachrichten.de\/index.php?rest_route=\/wp\/v2\/posts"}],"about":[{"href":"https:\/\/www.fuldaernachrichten.de\/index.php?rest_route=\/wp\/v2\/types\/post"}],"author":[{"embeddable":true,"href":"https:\/\/www.fuldaernachrichten.de\/index.php?rest_route=\/wp\/v2\/users\/1"}],"replies":[{"embeddable":true,"href":"https:\/\/www.fuldaernachrichten.de\/index.php?rest_route=%2Fwp%2Fv2%2Fcomments&post=139750"}],"version-history":[{"count":1,"href":"https:\/\/www.fuldaernachrichten.de\/index.php?rest_route=\/wp\/v2\/posts\/139750\/revisions"}],"predecessor-version":[{"id":139756,"href":"https:\/\/www.fuldaernachrichten.de\/index.php?rest_route=\/wp\/v2\/posts\/139750\/revisions\/139756"}],"wp:featuredmedia":[{"embeddable":true,"href":"https:\/\/www.fuldaernachrichten.de\/index.php?rest_route=\/wp\/v2\/media\/139752"}],"wp:attachment":[{"href":"https:\/\/www.fuldaernachrichten.de\/index.php?rest_route=%2Fwp%2Fv2%2Fmedia&parent=139750"}],"wp:term":[{"taxonomy":"category","embeddable":true,"href":"https:\/\/www.fuldaernachrichten.de\/index.php?rest_route=%2Fwp%2Fv2%2Fcategories&post=139750"},{"taxonomy":"post_tag","embeddable":true,"href":"https:\/\/www.fuldaernachrichten.de\/index.php?rest_route=%2Fwp%2Fv2%2Ftags&post=139750"}],"curies":[{"name":"wp","href":"https:\/\/api.w.org\/{rel}","templated":true}]}}