{"id":139707,"date":"2015-06-11T17:21:48","date_gmt":"2015-06-11T15:21:48","guid":{"rendered":"http:\/\/www.fuldaer-nachrichten.de\/?p=139707"},"modified":"2015-06-11T17:21:48","modified_gmt":"2015-06-11T15:21:48","slug":"auf-dem-weg-zum-buergermeister-huenfeld-zu-fuss-erkundet","status":"publish","type":"post","link":"https:\/\/www.fuldaernachrichten.de\/?p=139707","title":{"rendered":"Auf dem Weg zum B\u00fcrgermeister H\u00fcnfeld zu Fu\u00df erkundet"},"content":{"rendered":"<p><a href=\"http:\/\/www.fuldaer-nachrichten.de\/wp-content\/uploads\/2015\/06\/zu-43-cs_B\u00fcrgermeisterH\u00fcnfeld-\u00fcberrreicht-Gastgeschenke_CS_0615_IMG_8079.jpg\"><img decoding=\"async\" class=\"alignleft size-thumbnail wp-image-139710\" src=\"http:\/\/www.fuldaer-nachrichten.de\/wp-content\/uploads\/2015\/06\/zu-43-cs_B\u00fcrgermeisterH\u00fcnfeld-\u00fcberrreicht-Gastgeschenke_CS_0615_IMG_8079-265x183.jpg\" alt=\"zu 43-cs_B\u00fcrgermeisterH\u00fcnfeld \u00fcberrreicht Gastgeschenke_CS_0615_IMG_8079\" width=\"265\" height=\"183\" \/><\/a>Wie schon seit mehr als zwei Jahrzehnten guter Brauch, l\u00e4dt der Caritasverband f\u00fcr die Di\u00f6zese Fulda jedes Fr\u00fchjahr in Kooperation mit dem Maximilian-Kolbe-Werk Fulda eine Gruppe polnischer Senioren zu einem Erholungsaufenthalt in die Region Osthessen ein. Der Besuch aus Polen dient zur deutsch-polnischen Vers\u00f6hnung, denn alle diese polnischen M\u00e4nner und Frauen, die von der Caritas eingeladen werden, haben als junge Menschen schlechte Erfahrungen mit Deutschland gemacht: Sie waren \u2013 zusammen mit ihren Familien \u2013 Verfolgte des Nazi-Regimes und mussten teilweise Jahre in Gefangenschaft und gr\u00f6\u00dfter Not erdulden.<\/p>\n<p>Seit drei Jahren sind die polnischen Besucher immer in H\u00fcnfeld untergebracht. Der Empfang beim Stadtoberhaupt ist dabei ein wichtiges Ereignis im Rahmen des Aufenthalts. B\u00fcrgermeister Stefan Schwenk betonte in seiner Ansprache an die G\u00e4ste, wie wichtig ihm diese pers\u00f6nliche Begegnung sei, und wie froh er sich sch\u00e4tze, dass die Betroffenen trotz ihrer\u00c2\u00a0 schrecklichen Kindheitserlebnissen dennoch bereit seien, nach Deutschland zu kommen und die Hand zur Vers\u00f6hnung zu reichen. Schwenk \u00fcberreichte den polnischen Senioren als Gastgeschenk ein Buch \u00fcber H\u00fcnfeld, das sie, so das Stadtoberhaupt, sp\u00e4ter an ihren Aufenthalt erinnern m\u00f6ge.<\/p>\n<p>Den Weg zum Rathaus vom Bonifatiuskloster, wo die polnischen G\u00e4ste w\u00e4hrend ihres Aufenthalts n\u00e4chtigen, nutzte die Gruppe, um sich bei einem Stadtspaziergang unter fachkundiger Leitung der H\u00fcnfelderin Mariola Kubiak die Sehensw\u00fcrdigkeiten des Ortes in polnischer Sprache erl\u00e4utern zu lassen. Dabei ging es gewisserma\u00dfen einmal um die Altstadt herum \u2013 teilweise im Verlauf der alten Stadtmauer, schlie\u00dflich zum Bahnhof und zuletzt auf den Rathausplatz.<\/p>\n","protected":false},"excerpt":{"rendered":"<div class=\"tmnf_excerpt\"><p>Wie schon seit mehr als zwei Jahrzehnten guter Brauch, l\u00e4dt der Caritasverband f\u00fcr die Di\u00f6zese Fulda jedes Fr\u00fchjahr in Kooperation mit dem Maximilian-Kolbe-Werk Fulda eine Gruppe polnischer Senioren zu einem Erholungsaufenthalt in die Region Osthessen ein. Der Besuch aus Polen dient zur deutsch-polnischen Vers\u00f6hnung, denn alle diese polnischen M\u00e4nner und Frauen, die von der Caritas &hellip;<\/p>\n<\/div>","protected":false},"author":1,"featured_media":139709,"comment_status":"closed","ping_status":"closed","sticky":false,"template":"","format":"standard","meta":{"footnotes":""},"categories":[1],"tags":[],"class_list":["post-139707","post","type-post","status-publish","format-standard","has-post-thumbnail","hentry","category-startseite"],"_links":{"self":[{"href":"https:\/\/www.fuldaernachrichten.de\/index.php?rest_route=\/wp\/v2\/posts\/139707","targetHints":{"allow":["GET"]}}],"collection":[{"href":"https:\/\/www.fuldaernachrichten.de\/index.php?rest_route=\/wp\/v2\/posts"}],"about":[{"href":"https:\/\/www.fuldaernachrichten.de\/index.php?rest_route=\/wp\/v2\/types\/post"}],"author":[{"embeddable":true,"href":"https:\/\/www.fuldaernachrichten.de\/index.php?rest_route=\/wp\/v2\/users\/1"}],"replies":[{"embeddable":true,"href":"https:\/\/www.fuldaernachrichten.de\/index.php?rest_route=%2Fwp%2Fv2%2Fcomments&post=139707"}],"version-history":[{"count":1,"href":"https:\/\/www.fuldaernachrichten.de\/index.php?rest_route=\/wp\/v2\/posts\/139707\/revisions"}],"predecessor-version":[{"id":139712,"href":"https:\/\/www.fuldaernachrichten.de\/index.php?rest_route=\/wp\/v2\/posts\/139707\/revisions\/139712"}],"wp:featuredmedia":[{"embeddable":true,"href":"https:\/\/www.fuldaernachrichten.de\/index.php?rest_route=\/wp\/v2\/media\/139709"}],"wp:attachment":[{"href":"https:\/\/www.fuldaernachrichten.de\/index.php?rest_route=%2Fwp%2Fv2%2Fmedia&parent=139707"}],"wp:term":[{"taxonomy":"category","embeddable":true,"href":"https:\/\/www.fuldaernachrichten.de\/index.php?rest_route=%2Fwp%2Fv2%2Fcategories&post=139707"},{"taxonomy":"post_tag","embeddable":true,"href":"https:\/\/www.fuldaernachrichten.de\/index.php?rest_route=%2Fwp%2Fv2%2Ftags&post=139707"}],"curies":[{"name":"wp","href":"https:\/\/api.w.org\/{rel}","templated":true}]}}