{"id":139699,"date":"2015-06-11T17:21:07","date_gmt":"2015-06-11T15:21:07","guid":{"rendered":"http:\/\/www.fuldaer-nachrichten.de\/?p=139699"},"modified":"2015-06-11T17:21:07","modified_gmt":"2015-06-11T15:21:07","slug":"chronische-wunden-besser-behandeln-zahlreiche-teilnehmer-am-9-wundtag-des-klinikums-fulda","status":"publish","type":"post","link":"https:\/\/www.fuldaernachrichten.de\/?p=139699","title":{"rendered":"Chronische Wunden besser behandeln: Zahlreiche Teilnehmer am  9. Wundtag des Klinikums Fulda"},"content":{"rendered":"<p><a href=\"http:\/\/www.fuldaer-nachrichten.de\/wp-content\/uploads\/2015\/06\/DSC_9776.jpg\"><img fetchpriority=\"high\" decoding=\"async\" class=\"alignleft size-thumbnail wp-image-139704\" src=\"http:\/\/www.fuldaer-nachrichten.de\/wp-content\/uploads\/2015\/06\/DSC_9776-265x399.jpg\" alt=\"DSC_9776\" width=\"265\" height=\"399\" srcset=\"https:\/\/www.fuldaernachrichten.de\/wp-content\/uploads\/2015\/06\/DSC_9776-265x399.jpg 265w, https:\/\/www.fuldaernachrichten.de\/wp-content\/uploads\/2015\/06\/DSC_9776-176x265.jpg 176w, https:\/\/www.fuldaernachrichten.de\/wp-content\/uploads\/2015\/06\/DSC_9776-399x600.jpg 399w, https:\/\/www.fuldaernachrichten.de\/wp-content\/uploads\/2015\/06\/DSC_9776.jpg 900w\" sizes=\"(max-width: 265px) 100vw, 265px\" \/><\/a>Erfolgreiche Veranstaltung mit vielen Teilnehmern. Der 9. Wundtag des Klinikums Fulda ist erneut auf eine gro\u00dfe Resonanz bei der angesprochenen Fach\u00f6ffentlichkeit gesto\u00dfen. Die Gelegenheit zum fachlichen Austausch wurde gerne angenommen.<\/p>\n<p>Der j\u00e4hrliche Wundkongress bietet \u00c4rzten und Pflegekr\u00e4fte aus dem ambulanten Bereich sowie dem Klinikum Fulda die Gelegenheit, sich zu allen Aspekten der modernen Wundversorgung fortzubilden und sich im kollegialen Gespr\u00e4ch auszutauschen. Zahlreiche Teilnehmer folgten der Einladung von Prof. Dr. rer. nat. Roland Radziwill (Direktor der Apotheke). \u201eIn diesem Jahr hatten wir \u00fcber 350 Teilnehmer insgesamt; etwa 160 Interessierte hatten allein den Vortrag besucht\u201c, freut sich Prof. Radziwill, der den Wundtag mit seinem Team organisiert.<\/p>\n<p>\u201eWichtig ist der Wissensabgleich gerade f\u00fcr die sektoren\u00fcbergreifend therapierten Patienten, d.h. am \u00dcbergang zwischen der Behandlung im Krankenhaus und der weiteren Behandlung durch den niedergelassenen Arzt. Denn nur so kann eine standardisiert und optimale Wundtherapie durchgef\u00fchrt werden\u201c, so Prof. Dr. Radziwill weiter.<br \/>\nSchwerpunkt der Fortbildungsveranstaltung lag in diesem Jahr bei der Behandlung des Ulcus cruris (\u201eoffene Beine\u201c). In einem einleitenden Vortrag hat Dr. Lothar K\u00f6nig, Oberarzt der Klinik f\u00fcr Gef\u00e4\u00dfchirurgie des Klinikums Fulda, den aktuellen Stand der Diagnostik und der operativen Therapie des Ulcus vorgestellt. Im Anschluss wurde im Rahmen eines \u201eWund-Parcours\u201c im Foyer des Klinikums ein breiter \u00dcberblick \u00fcber die Diagnostik und Therapie chronischer Wunden geboten. Ein reger Austausch zwischen den Teilnehmern und den Experten fand auch an den Informationsst\u00e4nden in der Eingangshalle statt. Der Wundtag hat sich als j\u00e4hrliche Veranstaltung des Klinikums auf diesem Gebiet fest etabliert und soll daher auch in 2016 stattfinden.<\/p>\n","protected":false},"excerpt":{"rendered":"<div class=\"tmnf_excerpt\"><p>Erfolgreiche Veranstaltung mit vielen Teilnehmern. Der 9. Wundtag des Klinikums Fulda ist erneut auf eine gro\u00dfe Resonanz bei der angesprochenen Fach\u00f6ffentlichkeit gesto\u00dfen. Die Gelegenheit zum fachlichen Austausch wurde gerne angenommen. Der j\u00e4hrliche Wundkongress bietet \u00c4rzten und Pflegekr\u00e4fte aus dem ambulanten Bereich sowie dem Klinikum Fulda die Gelegenheit, sich zu allen Aspekten der modernen Wundversorgung fortzubilden &hellip;<\/p>\n<\/div>","protected":false},"author":1,"featured_media":139703,"comment_status":"closed","ping_status":"closed","sticky":false,"template":"","format":"standard","meta":{"footnotes":""},"categories":[1,51],"tags":[],"class_list":["post-139699","post","type-post","status-publish","format-standard","has-post-thumbnail","hentry","category-startseite","category-medizin"],"_links":{"self":[{"href":"https:\/\/www.fuldaernachrichten.de\/index.php?rest_route=\/wp\/v2\/posts\/139699","targetHints":{"allow":["GET"]}}],"collection":[{"href":"https:\/\/www.fuldaernachrichten.de\/index.php?rest_route=\/wp\/v2\/posts"}],"about":[{"href":"https:\/\/www.fuldaernachrichten.de\/index.php?rest_route=\/wp\/v2\/types\/post"}],"author":[{"embeddable":true,"href":"https:\/\/www.fuldaernachrichten.de\/index.php?rest_route=\/wp\/v2\/users\/1"}],"replies":[{"embeddable":true,"href":"https:\/\/www.fuldaernachrichten.de\/index.php?rest_route=%2Fwp%2Fv2%2Fcomments&post=139699"}],"version-history":[{"count":1,"href":"https:\/\/www.fuldaernachrichten.de\/index.php?rest_route=\/wp\/v2\/posts\/139699\/revisions"}],"predecessor-version":[{"id":139708,"href":"https:\/\/www.fuldaernachrichten.de\/index.php?rest_route=\/wp\/v2\/posts\/139699\/revisions\/139708"}],"wp:featuredmedia":[{"embeddable":true,"href":"https:\/\/www.fuldaernachrichten.de\/index.php?rest_route=\/wp\/v2\/media\/139703"}],"wp:attachment":[{"href":"https:\/\/www.fuldaernachrichten.de\/index.php?rest_route=%2Fwp%2Fv2%2Fmedia&parent=139699"}],"wp:term":[{"taxonomy":"category","embeddable":true,"href":"https:\/\/www.fuldaernachrichten.de\/index.php?rest_route=%2Fwp%2Fv2%2Fcategories&post=139699"},{"taxonomy":"post_tag","embeddable":true,"href":"https:\/\/www.fuldaernachrichten.de\/index.php?rest_route=%2Fwp%2Fv2%2Ftags&post=139699"}],"curies":[{"name":"wp","href":"https:\/\/api.w.org\/{rel}","templated":true}]}}