{"id":139685,"date":"2015-06-10T16:32:51","date_gmt":"2015-06-10T14:32:51","guid":{"rendered":"http:\/\/www.fuldaer-nachrichten.de\/?p=139685"},"modified":"2015-06-10T16:35:15","modified_gmt":"2015-06-10T14:35:15","slug":"die-tegut-auszubildenden-gewinnen-den-azubi-award-2015-auszeichnung-des-deutschen-fachverlages-fuer-das-gemeinnuetzige-projekt-bruecken-bauen","status":"publish","type":"post","link":"https:\/\/www.fuldaernachrichten.de\/?p=139685","title":{"rendered":"Die tegut\u00e2\u20ac\u00a6 Auszubildenden gewinnen den Azubi-Award 2015 \u2013 Auszeichnung des Deutschen Fachverlages f\u00fcr das gemeinn\u00fctzige Projekt \u201eBr\u00fccken bauen\u201c"},"content":{"rendered":"<p>Am 9. Juni erhielten die tegut\u00e2\u20ac\u00a6 Auszubildenden die Auszeichnung f\u00fcr ihr Gemeinschaftsprojekt mit den Bewohnern der Lebensgemeinschaft Sassen\/Richthof im Zuge der Verleihung \u201eSupermarktstars 2015\u201c in Frankfurt von mediadidact\/Deutscher Fachverlag.<\/p>\n<p>Von November 2013 bis Juni 2014 wuchsen sich die sechs Projektpaare je aus einem Auszubildenden und einem Bewohner der Lebensgemeinschaft, wo Menschen mit und ohne Beeintr\u00e4chtigung im Familienverbund leben, ans Herz. Ziel war es, eine unsichtbare Br\u00fccke zwischen zwei scheinbar anderen Lebenswelten durch Wahrnehmungs- und Grenzerfahrungs\u00fcbungen zu bauen. Initiatoren waren Daria A. L\u00f6wenguth-Wachter und Norbert L\u00f6wenguth. Sie haben die einzelnen Module p\u00e4dagogisch durchgef\u00fchrt. Unterst\u00fctzt hat sie der tegut\u00e2\u20ac\u00a6 Ausbildungsreferent Bernhard Vey: \u201eWir f\u00f6rdern neben der Fach- und Selbstkompetenz auch die Sozialkompetenz der Auszubildenden\u201c. Das Selbstbewusstsein aller entwickle sich durch Grenzerfahrungen und das Heraustreten aus seiner Komfortzone, erz\u00e4hlt das Ehepaar L\u00f6wenguth.<\/p>\n<p>\u201eIch war von der ersten Begegnung an beeindruckt, von seiner Herzlichkeit und seiner Liebensw\u00fcrdigkeit\u201c, berichtet Constanze Bischof, tegut\u00e2\u20ac\u00a6 Auszubildende zur Kauffrau im Gro\u00df- und Au\u00dfenhandel. \u201eWir freuen uns sehr \u00fcber diese tolle Auszeichnung und hoffen, dies inspiriert viele Auszubildende in Deutschland sich auch \u00fcber die Verpflichtungen hinaus zu engagieren. Aber das Wichtigste ist, dass wir in dieser Zeit wahre Freundschaften aufgebaut haben und dass uns die D\u00f6rfler gezeigt haben, was Leben ausmacht und woran man Freude haben kann\u201c, f\u00fcgen Jessica Krieglstein und Johannes Ziegler, ebenfalls tegut\u00e2\u20ac\u00a6 Auszubildende stolz hinzu.<\/p>\n<p>Der Preis, bei dem nur ein erster Platz vergeben wird, ist mit 1000 Euro datiert. Gesucht wird von der kompetenten Fachjury, bestehend aus Branchenexperten und Vertretern von mediadidact\/ Deutscher Fachverlag, die beste Nachwuchsaktion des Jahres.<\/p>\n<p>Beteiligt waren von tegut\u00e2\u20ac\u00a6: Lukas Baumgart, Constanze Bischof, Anna-Lena Heil, Jessica Krieglstein, Tamara Quanz und Johannes Ziegler. Allesamt Lernende zum\/zur Kaufmann\/-frau im Gro\u00df- und Au\u00dfenhandel.<\/p>\n<p>Bewohner des Richthofs: Korinna Bockerad, Marion D\u00f6ring, Kai Hausecker, Andreas Jochum, Valena Ostermann, Dirk T\u00fcnte.<\/p>\n<p>Zum Bild: Stolz und gl\u00fccklich: Die tegut\u00e2\u20ac\u00a6 Lernenden freuen sich \u00fcber den Azubi-Award 2015.<\/p>\n<p>Von links:<br \/>\nHinten: Eva-Maria Eckart; Leitung tegut\u00e2\u20ac\u00a6 Ausbildung, Daria A. L\u00f6wenguth-Wachter, Richthof\/Sassen; Vanessa Eick, tegut\u00e2\u20ac\u00a6 Ausbildungsreferentin; Tamara Quanz, Anne-Lena Heil; Jessica Krieglstein; Konstanze Bischof, alle tegut\u00e2\u20ac\u00a6 Lernende; Karl-Heinz Brand, tegut\u00e2\u20ac\u00a6 Gesch\u00e4ftsleitung Personelles.<br \/>\nVorne: Bernhard Vey, tegut\u00e2\u20ac\u00a6 Ausbildungsreferent; Lukas Baumgart; Johannes Ziegler, beide tegut\u00e2\u20ac\u00a6 Lernende.<\/p>\n","protected":false},"excerpt":{"rendered":"<div class=\"tmnf_excerpt\"><p>Am 9. Juni erhielten die tegut\u00e2\u20ac\u00a6 Auszubildenden die Auszeichnung f\u00fcr ihr Gemeinschaftsprojekt mit den Bewohnern der Lebensgemeinschaft Sassen\/Richthof im Zuge der Verleihung \u201eSupermarktstars 2015\u201c in Frankfurt von mediadidact\/Deutscher Fachverlag. Von November 2013 bis Juni 2014 wuchsen sich die sechs Projektpaare je aus einem Auszubildenden und einem Bewohner der Lebensgemeinschaft, wo Menschen mit und ohne Beeintr\u00e4chtigung &hellip;<\/p>\n<\/div>","protected":false},"author":1,"featured_media":139691,"comment_status":"closed","ping_status":"closed","sticky":false,"template":"","format":"standard","meta":{"footnotes":""},"categories":[1,53],"tags":[],"class_list":["post-139685","post","type-post","status-publish","format-standard","has-post-thumbnail","hentry","category-startseite","category-bildung"],"_links":{"self":[{"href":"https:\/\/www.fuldaernachrichten.de\/index.php?rest_route=\/wp\/v2\/posts\/139685","targetHints":{"allow":["GET"]}}],"collection":[{"href":"https:\/\/www.fuldaernachrichten.de\/index.php?rest_route=\/wp\/v2\/posts"}],"about":[{"href":"https:\/\/www.fuldaernachrichten.de\/index.php?rest_route=\/wp\/v2\/types\/post"}],"author":[{"embeddable":true,"href":"https:\/\/www.fuldaernachrichten.de\/index.php?rest_route=\/wp\/v2\/users\/1"}],"replies":[{"embeddable":true,"href":"https:\/\/www.fuldaernachrichten.de\/index.php?rest_route=%2Fwp%2Fv2%2Fcomments&post=139685"}],"version-history":[{"count":2,"href":"https:\/\/www.fuldaernachrichten.de\/index.php?rest_route=\/wp\/v2\/posts\/139685\/revisions"}],"predecessor-version":[{"id":139694,"href":"https:\/\/www.fuldaernachrichten.de\/index.php?rest_route=\/wp\/v2\/posts\/139685\/revisions\/139694"}],"wp:featuredmedia":[{"embeddable":true,"href":"https:\/\/www.fuldaernachrichten.de\/index.php?rest_route=\/wp\/v2\/media\/139691"}],"wp:attachment":[{"href":"https:\/\/www.fuldaernachrichten.de\/index.php?rest_route=%2Fwp%2Fv2%2Fmedia&parent=139685"}],"wp:term":[{"taxonomy":"category","embeddable":true,"href":"https:\/\/www.fuldaernachrichten.de\/index.php?rest_route=%2Fwp%2Fv2%2Fcategories&post=139685"},{"taxonomy":"post_tag","embeddable":true,"href":"https:\/\/www.fuldaernachrichten.de\/index.php?rest_route=%2Fwp%2Fv2%2Ftags&post=139685"}],"curies":[{"name":"wp","href":"https:\/\/api.w.org\/{rel}","templated":true}]}}