{"id":139663,"date":"2015-06-10T12:06:43","date_gmt":"2015-06-10T10:06:43","guid":{"rendered":"http:\/\/www.fuldaer-nachrichten.de\/?p=139663"},"modified":"2015-06-10T12:06:43","modified_gmt":"2015-06-10T10:06:43","slug":"kjf-radtour-4-6-juni-2015","status":"publish","type":"post","link":"https:\/\/www.fuldaernachrichten.de\/?p=139663","title":{"rendered":"KJF Radtour 4. \u2013 6. Juni 2015"},"content":{"rendered":"<p>Wie in jedem Jahr lud die Katholische Jugend im Bistum Fulda (KJF) am vergangenen Wochenende zu einer Fahrradtour ein. Die Tour startete f\u00fcr uns an Fronleichnam mit einer kurzen Bahnfahrt nach Gelnhausen. Von dort aus fuhren die 19 Teilnehmer und Betreuer an der Kinzig entlang nach Bad Orb. Nach dieser ersten Strecke konnten wir uns im Pfarrheim von Bad Orb erholen, dort Pizza essen, im Park spielen und \u00fcbernachten.<\/p>\n<p>Die n\u00e4chste Etappe der Fahrradtour f\u00fchrte nach Steinau an der Stra\u00dfe zu einer Stadtf\u00fchrung und Mittagspause an dem M\u00e4rchenbrunnen. Weiter ging es bei etwa 30 \u00c2\u00b0C und sehr viel Sonne den steilen Distelrassen hoch. Nach dem alle diese Anstrengung \u00fcberwunden hatten, haben wir uns umso mehr auf einen Besuch im Freibad von Flieden gefreut. Alle hatten viel Spa\u00df im Wasser und konnten sich abk\u00fchlen. Anschlie\u00dfend feierten wir mit Christian Schmitt die Heilige Messe in Flieden. Danach haben wir gegrillt und uns von dem anstrengenden Tag erholt.<\/p>\n<p>Das letzte St\u00fcck f\u00fchrte uns am n\u00e4chsten Tag dann wieder nach Fulda. Nach weiteren 20 km endete dort die Radtour am Samstagnachmittag mit einer Andacht am Bonifatiusgrab im Dom. Insgesamt war es eine rundum sch\u00f6ne Tour mit vielen netten Leuten, gutem sonnigem Wetter in wundersch\u00f6ner Natur und ohne Zwischenf\u00e4lle oder Verletzungen.<\/p>\n<p>Anna-Lena Fu\u00df (14) sagte zum Schluss begeistert: \u201eIch fand es toll. Veranstaltungen mit der KJF sind immer wieder sch\u00f6n. Man lernt neue Freunde kennen und auch wenn wir manchmal eine Steigung \u00fcberwinden und uns anstrengen mussten, hatten wir sehr viel Spa\u00df.\u201c<\/p>\n","protected":false},"excerpt":{"rendered":"<div class=\"tmnf_excerpt\"><p>Wie in jedem Jahr lud die Katholische Jugend im Bistum Fulda (KJF) am vergangenen Wochenende zu einer Fahrradtour ein. Die Tour startete f\u00fcr uns an Fronleichnam mit einer kurzen Bahnfahrt nach Gelnhausen. Von dort aus fuhren die 19 Teilnehmer und Betreuer an der Kinzig entlang nach Bad Orb. Nach dieser ersten Strecke konnten wir uns &hellip;<\/p>\n<\/div>","protected":false},"author":1,"featured_media":139665,"comment_status":"closed","ping_status":"closed","sticky":false,"template":"","format":"standard","meta":{"footnotes":""},"categories":[1,72,50,46],"tags":[],"class_list":["post-139663","post","type-post","status-publish","format-standard","has-post-thumbnail","hentry","category-startseite","category-jugend","category-kirche","category-sport"],"_links":{"self":[{"href":"https:\/\/www.fuldaernachrichten.de\/index.php?rest_route=\/wp\/v2\/posts\/139663","targetHints":{"allow":["GET"]}}],"collection":[{"href":"https:\/\/www.fuldaernachrichten.de\/index.php?rest_route=\/wp\/v2\/posts"}],"about":[{"href":"https:\/\/www.fuldaernachrichten.de\/index.php?rest_route=\/wp\/v2\/types\/post"}],"author":[{"embeddable":true,"href":"https:\/\/www.fuldaernachrichten.de\/index.php?rest_route=\/wp\/v2\/users\/1"}],"replies":[{"embeddable":true,"href":"https:\/\/www.fuldaernachrichten.de\/index.php?rest_route=%2Fwp%2Fv2%2Fcomments&post=139663"}],"version-history":[{"count":1,"href":"https:\/\/www.fuldaernachrichten.de\/index.php?rest_route=\/wp\/v2\/posts\/139663\/revisions"}],"predecessor-version":[{"id":139666,"href":"https:\/\/www.fuldaernachrichten.de\/index.php?rest_route=\/wp\/v2\/posts\/139663\/revisions\/139666"}],"wp:featuredmedia":[{"embeddable":true,"href":"https:\/\/www.fuldaernachrichten.de\/index.php?rest_route=\/wp\/v2\/media\/139665"}],"wp:attachment":[{"href":"https:\/\/www.fuldaernachrichten.de\/index.php?rest_route=%2Fwp%2Fv2%2Fmedia&parent=139663"}],"wp:term":[{"taxonomy":"category","embeddable":true,"href":"https:\/\/www.fuldaernachrichten.de\/index.php?rest_route=%2Fwp%2Fv2%2Fcategories&post=139663"},{"taxonomy":"post_tag","embeddable":true,"href":"https:\/\/www.fuldaernachrichten.de\/index.php?rest_route=%2Fwp%2Fv2%2Ftags&post=139663"}],"curies":[{"name":"wp","href":"https:\/\/api.w.org\/{rel}","templated":true}]}}