{"id":139656,"date":"2015-06-10T10:27:03","date_gmt":"2015-06-10T08:27:03","guid":{"rendered":"http:\/\/www.fuldaer-nachrichten.de\/?p=139656"},"modified":"2015-06-10T10:27:03","modified_gmt":"2015-06-10T08:27:03","slug":"bon-voyage-campen-in-frankreich","status":"publish","type":"post","link":"https:\/\/www.fuldaernachrichten.de\/?p=139656","title":{"rendered":"Bon Voyage \u2013 Campen in Frankreich"},"content":{"rendered":"<p>Bon Voyage! Ab nach Frankreich geht es f\u00fcr Jugendliche zwischen 14 und 17 Jahren vom 24. Juli bis 6. August. Zw\u00f6lf Tage lang dauert die Ferienfreizeit, f\u00fcr die erste H\u00e4lfte wird der Campingplatz \u201eCamping La Brise\u201c in Saintes Maries de la Mer das Feriendomizil sein. Das Mittelmeer direkt vor der Nase, ist Relaxen und Erholung vom Schulstress der letzten Wochen angesagt. F\u00fcr die zweite H\u00e4lfte geht es auf den Campingplatz \u201eCamp Ard\u00e8che\u201c bei Vallon Pont d\u00e2\u20ac\u2122Arc direkt am Fluss. Dort ist dann Action angesagt, die Kanus stehen schon bereit. Aber auch Shoppingtrips in die nahegelegenen St\u00e4dte stehen auf dem Plan.<\/p>\n<p>Mehr Informationen gibt es beim Sachgebiet Jugendarbeit\/Jugendbildung unter 06641\/977-443 oder unter www.jugend.vogelsbergkreis.de.<\/p>\n","protected":false},"excerpt":{"rendered":"<div class=\"tmnf_excerpt\"><p>Bon Voyage! Ab nach Frankreich geht es f\u00fcr Jugendliche zwischen 14 und 17 Jahren vom 24. Juli bis 6. August. Zw\u00f6lf Tage lang dauert die Ferienfreizeit, f\u00fcr die erste H\u00e4lfte wird der Campingplatz \u201eCamping La Brise\u201c in Saintes Maries de la Mer das Feriendomizil sein. Das Mittelmeer direkt vor der Nase, ist Relaxen und Erholung &hellip;<\/p>\n<\/div>","protected":false},"author":1,"featured_media":0,"comment_status":"closed","ping_status":"closed","sticky":false,"template":"","format":"standard","meta":{"footnotes":""},"categories":[1],"tags":[],"class_list":["post-139656","post","type-post","status-publish","format-standard","hentry","category-startseite"],"_links":{"self":[{"href":"https:\/\/www.fuldaernachrichten.de\/index.php?rest_route=\/wp\/v2\/posts\/139656","targetHints":{"allow":["GET"]}}],"collection":[{"href":"https:\/\/www.fuldaernachrichten.de\/index.php?rest_route=\/wp\/v2\/posts"}],"about":[{"href":"https:\/\/www.fuldaernachrichten.de\/index.php?rest_route=\/wp\/v2\/types\/post"}],"author":[{"embeddable":true,"href":"https:\/\/www.fuldaernachrichten.de\/index.php?rest_route=\/wp\/v2\/users\/1"}],"replies":[{"embeddable":true,"href":"https:\/\/www.fuldaernachrichten.de\/index.php?rest_route=%2Fwp%2Fv2%2Fcomments&post=139656"}],"version-history":[{"count":1,"href":"https:\/\/www.fuldaernachrichten.de\/index.php?rest_route=\/wp\/v2\/posts\/139656\/revisions"}],"predecessor-version":[{"id":139658,"href":"https:\/\/www.fuldaernachrichten.de\/index.php?rest_route=\/wp\/v2\/posts\/139656\/revisions\/139658"}],"wp:attachment":[{"href":"https:\/\/www.fuldaernachrichten.de\/index.php?rest_route=%2Fwp%2Fv2%2Fmedia&parent=139656"}],"wp:term":[{"taxonomy":"category","embeddable":true,"href":"https:\/\/www.fuldaernachrichten.de\/index.php?rest_route=%2Fwp%2Fv2%2Fcategories&post=139656"},{"taxonomy":"post_tag","embeddable":true,"href":"https:\/\/www.fuldaernachrichten.de\/index.php?rest_route=%2Fwp%2Fv2%2Ftags&post=139656"}],"curies":[{"name":"wp","href":"https:\/\/api.w.org\/{rel}","templated":true}]}}