{"id":139645,"date":"2015-06-10T10:26:45","date_gmt":"2015-06-10T08:26:45","guid":{"rendered":"http:\/\/www.fuldaer-nachrichten.de\/?p=139645"},"modified":"2015-06-10T10:26:45","modified_gmt":"2015-06-10T08:26:45","slug":"virtuoso-die-musicalfabrik-e-v-sucht-talente-casting-am-4-und-5-juli-2015","status":"publish","type":"post","link":"https:\/\/www.fuldaernachrichten.de\/?p=139645","title":{"rendered":"\u201eVirtuoso \u2013 die Musicalfabrik e. V.\u201c sucht Talente \/ Casting am 4. und 5. Juli 2015"},"content":{"rendered":"<p>Wiederaufnahme des Musicals \u201eMerga Bien\u201c<\/p>\n<p>Was sich bei der Welturauff\u00fchrung als weiterer Erfolg des gemeinn\u00fctzigen Vereins \u201eVirtuoso e. V. \u2013 die Musicalfabrik\u201c herausstellte, wird im April 2016 an sechs Abenden wieder im Propsteihaus am Petersberg zu sehen sein. In einer Wiederaufnahme wird die Geschichte der Fuldaerin Merga Bien im gleichnamigen Musical abermals zum Leben erweckt.<\/p>\n<p><a href=\"http:\/\/www.fuldaer-nachrichten.de\/wp-content\/uploads\/2015\/06\/Merga-Bien-9.jpg\"><img decoding=\"async\" class=\"alignleft size-thumbnail wp-image-139653\" src=\"http:\/\/www.fuldaer-nachrichten.de\/wp-content\/uploads\/2015\/06\/Merga-Bien-9-265x163.jpg\" alt=\"Merga Bien (9)\" width=\"265\" height=\"163\" srcset=\"https:\/\/www.fuldaernachrichten.de\/wp-content\/uploads\/2015\/06\/Merga-Bien-9-265x163.jpg 265w, https:\/\/www.fuldaernachrichten.de\/wp-content\/uploads\/2015\/06\/Merga-Bien-9-600x370.jpg 600w, https:\/\/www.fuldaernachrichten.de\/wp-content\/uploads\/2015\/06\/Merga-Bien-9.jpg 900w\" sizes=\"(max-width: 265px) 100vw, 265px\" \/><\/a>\u201eNach der Premiere 2013 haben wir solch eine \u00fcberw\u00e4ltigende Resonanz erhalten, dass uns schnell klar wurde, das Leben der Fuldaerin Merga Bien und die Zeit der Hexenverfolgung in Fulda bewegt die Menschen der Region\u201c, erkl\u00e4rt Markus Goldbach, 1. Vorsitzende von \u201eVirtuoso e. V.\u201c. \u201eDaher war die Entscheidung schnell getroffen, das Musical noch einmal auf die B\u00fchne zu bringen.\u201c Da jedoch alle Beteiligten ehrenamtlich aktiv sind und solch ein Projekt viel Engagement und noch mehr Zeit ben\u00f6tigt, mussten erst noch die passenden Auff\u00fchrungstermine gefunden werden.<\/p>\n<p>\u201eWir sind froh, dass es nun endlich wieder losgeht\u201c, freut sich Komponist Steffen Dargatz. Sein Kreativteam wird abgerundet durch die beiden deutschlandweit bekannten Musicaldarsteller Nadine Eisenhardt (Regie) und Stefan Przywara (Choreografie). Der H\u00fcnfelder Winfried M\u00f6ller wird das 20-k\u00f6pfige Liveorchester, das allabendlich die S\u00e4nger und Schauspieler auf der B\u00fchne begleitet, dirigieren. \u201eF\u00fcr die Wiederaufnahme wurden die Lieder neu arrangiert und auch bei den Inhalten haben wir \u00c4nderungen vorgenommen\u201c, verr\u00e4t Steffen Dargatz. So wurden Songs gestrichen und andere neu komponiert. Auch manch eine Rolle wird bei der Premiere im April 2016 neue Charaktereigenschaften haben. \u201eEs bleibt dementsprechend spannend \u2013 auch f\u00fcr all jene, die das St\u00fcck bereits zu kennen glauben\u201c, versichert Steffen Dargatz.<\/p>\n<p><a href=\"http:\/\/www.fuldaer-nachrichten.de\/wp-content\/uploads\/2015\/06\/Merga-Bien-17.jpg\"><img decoding=\"async\" class=\"alignleft size-thumbnail wp-image-139654\" src=\"http:\/\/www.fuldaer-nachrichten.de\/wp-content\/uploads\/2015\/06\/Merga-Bien-17-265x161.jpg\" alt=\"Merga Bien (17)\" width=\"265\" height=\"161\" srcset=\"https:\/\/www.fuldaernachrichten.de\/wp-content\/uploads\/2015\/06\/Merga-Bien-17-265x161.jpg 265w, https:\/\/www.fuldaernachrichten.de\/wp-content\/uploads\/2015\/06\/Merga-Bien-17-600x364.jpg 600w, https:\/\/www.fuldaernachrichten.de\/wp-content\/uploads\/2015\/06\/Merga-Bien-17.jpg 900w\" sizes=\"(max-width: 265px) 100vw, 265px\" \/><\/a>Da ein Musical neben dem Orchester von den Darstellern auf der B\u00fchne lebt, sucht \u201eVirtuoso e. V.\u201c talentierte S\u00e4nger und S\u00e4ngerinnen aus der Region, die Lust darauf haben B\u00fchnenluft zu schnuppern. Auch diejenigen, die nur an den Wochenenden in Fulda sein k\u00f6nnen, sind herzlich eingeladen mitzuwirken. \u201eWir sind darum bem\u00fcht, m\u00f6glichst viele Probentermine auf die Wochenenden zu legen \u2013 geplant ist jedes dritte\u201c, so Steffen Dargatz.<\/p>\n<p>Wer gerne auf den Brettern, die die Welt bedeutet stehen m\u00f6chte und an den Vorf\u00fchrungsterminen mindestens 16 Jahre alt ist, kann am Casting f\u00fcr \u201eMerga Bien\u201c am 4. und 5. Juli 2015 teilnehmen. Anmeldung und weitere Informationen bis 26. Juni 2015 unter: musicalfabrik.virtuoso@gmail.com<\/p>\n","protected":false},"excerpt":{"rendered":"<div class=\"tmnf_excerpt\"><p>Wiederaufnahme des Musicals \u201eMerga Bien\u201c Was sich bei der Welturauff\u00fchrung als weiterer Erfolg des gemeinn\u00fctzigen Vereins \u201eVirtuoso e. V. \u2013 die Musicalfabrik\u201c herausstellte, wird im April 2016 an sechs Abenden wieder im Propsteihaus am Petersberg zu sehen sein. In einer Wiederaufnahme wird die Geschichte der Fuldaerin Merga Bien im gleichnamigen Musical abermals zum Leben erweckt. &hellip;<\/p>\n<\/div>","protected":false},"author":1,"featured_media":139652,"comment_status":"closed","ping_status":"closed","sticky":false,"template":"","format":"standard","meta":{"footnotes":""},"categories":[1,44],"tags":[],"class_list":["post-139645","post","type-post","status-publish","format-standard","has-post-thumbnail","hentry","category-startseite","category-kultur"],"_links":{"self":[{"href":"https:\/\/www.fuldaernachrichten.de\/index.php?rest_route=\/wp\/v2\/posts\/139645","targetHints":{"allow":["GET"]}}],"collection":[{"href":"https:\/\/www.fuldaernachrichten.de\/index.php?rest_route=\/wp\/v2\/posts"}],"about":[{"href":"https:\/\/www.fuldaernachrichten.de\/index.php?rest_route=\/wp\/v2\/types\/post"}],"author":[{"embeddable":true,"href":"https:\/\/www.fuldaernachrichten.de\/index.php?rest_route=\/wp\/v2\/users\/1"}],"replies":[{"embeddable":true,"href":"https:\/\/www.fuldaernachrichten.de\/index.php?rest_route=%2Fwp%2Fv2%2Fcomments&post=139645"}],"version-history":[{"count":1,"href":"https:\/\/www.fuldaernachrichten.de\/index.php?rest_route=\/wp\/v2\/posts\/139645\/revisions"}],"predecessor-version":[{"id":139655,"href":"https:\/\/www.fuldaernachrichten.de\/index.php?rest_route=\/wp\/v2\/posts\/139645\/revisions\/139655"}],"wp:featuredmedia":[{"embeddable":true,"href":"https:\/\/www.fuldaernachrichten.de\/index.php?rest_route=\/wp\/v2\/media\/139652"}],"wp:attachment":[{"href":"https:\/\/www.fuldaernachrichten.de\/index.php?rest_route=%2Fwp%2Fv2%2Fmedia&parent=139645"}],"wp:term":[{"taxonomy":"category","embeddable":true,"href":"https:\/\/www.fuldaernachrichten.de\/index.php?rest_route=%2Fwp%2Fv2%2Fcategories&post=139645"},{"taxonomy":"post_tag","embeddable":true,"href":"https:\/\/www.fuldaernachrichten.de\/index.php?rest_route=%2Fwp%2Fv2%2Ftags&post=139645"}],"curies":[{"name":"wp","href":"https:\/\/api.w.org\/{rel}","templated":true}]}}