{"id":139644,"date":"2015-06-10T10:22:09","date_gmt":"2015-06-10T08:22:09","guid":{"rendered":"http:\/\/www.fuldaer-nachrichten.de\/?p=139644"},"modified":"2015-06-10T10:22:09","modified_gmt":"2015-06-10T08:22:09","slug":"schnuppertag-der-musikschule","status":"publish","type":"post","link":"https:\/\/www.fuldaernachrichten.de\/?p=139644","title":{"rendered":"Schnuppertag der Musikschule"},"content":{"rendered":"<p>Die Musikschule l\u00e4dt am Samstag, den 20. Juni 2015, von 10.30 bis 12.30 Uhr zum Schnuppertag ein, wo viele verschiedene Instrumente ausprobiert werden k\u00f6nnen. Lehrkr\u00e4fte stehen als\u00c2\u00a0 Beraterinnen und Berater bereit, und auch die Verwaltung ist ge\u00f6ffnet, um Auskunft zu Geb\u00fchren und Anmeldung zu erteilen.<\/p>\n","protected":false},"excerpt":{"rendered":"<div class=\"tmnf_excerpt\"><p>Die Musikschule l\u00e4dt am Samstag, den 20. Juni 2015, von 10.30 bis 12.30 Uhr zum Schnuppertag ein, wo viele verschiedene Instrumente ausprobiert werden k\u00f6nnen. Lehrkr\u00e4fte stehen als\u00c2\u00a0 Beraterinnen und Berater bereit, und auch die Verwaltung ist ge\u00f6ffnet, um Auskunft zu Geb\u00fchren und Anmeldung zu erteilen.<\/p>\n<\/div>","protected":false},"author":1,"featured_media":0,"comment_status":"closed","ping_status":"closed","sticky":false,"template":"","format":"standard","meta":{"footnotes":""},"categories":[1],"tags":[],"class_list":["post-139644","post","type-post","status-publish","format-standard","hentry","category-startseite"],"_links":{"self":[{"href":"https:\/\/www.fuldaernachrichten.de\/index.php?rest_route=\/wp\/v2\/posts\/139644","targetHints":{"allow":["GET"]}}],"collection":[{"href":"https:\/\/www.fuldaernachrichten.de\/index.php?rest_route=\/wp\/v2\/posts"}],"about":[{"href":"https:\/\/www.fuldaernachrichten.de\/index.php?rest_route=\/wp\/v2\/types\/post"}],"author":[{"embeddable":true,"href":"https:\/\/www.fuldaernachrichten.de\/index.php?rest_route=\/wp\/v2\/users\/1"}],"replies":[{"embeddable":true,"href":"https:\/\/www.fuldaernachrichten.de\/index.php?rest_route=%2Fwp%2Fv2%2Fcomments&post=139644"}],"version-history":[{"count":1,"href":"https:\/\/www.fuldaernachrichten.de\/index.php?rest_route=\/wp\/v2\/posts\/139644\/revisions"}],"predecessor-version":[{"id":139646,"href":"https:\/\/www.fuldaernachrichten.de\/index.php?rest_route=\/wp\/v2\/posts\/139644\/revisions\/139646"}],"wp:attachment":[{"href":"https:\/\/www.fuldaernachrichten.de\/index.php?rest_route=%2Fwp%2Fv2%2Fmedia&parent=139644"}],"wp:term":[{"taxonomy":"category","embeddable":true,"href":"https:\/\/www.fuldaernachrichten.de\/index.php?rest_route=%2Fwp%2Fv2%2Fcategories&post=139644"},{"taxonomy":"post_tag","embeddable":true,"href":"https:\/\/www.fuldaernachrichten.de\/index.php?rest_route=%2Fwp%2Fv2%2Ftags&post=139644"}],"curies":[{"name":"wp","href":"https:\/\/api.w.org\/{rel}","templated":true}]}}