{"id":13964,"date":"2008-11-14T00:07:02","date_gmt":"2008-11-13T23:07:02","guid":{"rendered":"http:\/\/www.schoene-nachrichten.de\/?p=13964"},"modified":"2008-11-13T15:18:36","modified_gmt":"2008-11-13T14:18:36","slug":"kinder-und-jugendtheatertage-in-grossenlueder","status":"publish","type":"post","link":"https:\/\/www.fuldaernachrichten.de\/?p=13964","title":{"rendered":"Kinder- und Jugendtheatertage in Gro\u00dfenl\u00fcder"},"content":{"rendered":"<p><strong>Gr\u00f6\u00dfenl\u00fcder.<\/strong> Die Gemeinde Gro\u00dfenl\u00fcder beteiligt sich bereits zum dritten Mal an den Kinder- und Jugendtheatertagen in der hessischen Region. In einer Doppelvorstellung zeigt das Theaterhaus Frankfurt am Dienstag, 25. November 2008, 15 Uhr und 17 Uhr in der Aula der L\u00fcdertalschule, Dr.-Stieler-Str. 6 in Gro\u00dfenl\u00fcder f\u00fcr Kinder und Jugendliche ab 8 Jahren aber auch f\u00fcr Erwachsene das St\u00fcck &#8220;Schwarz wie Tinte&#8221;. Der Eintritt betr\u00e4gt 4 \u00e2\u201a\u00ac.<!--more--><br \/>\n\u201eEs war einmal in einem Land mit Bergen und W\u00e4ldern eine Frau. Sie war jung, sch\u00f6n, klug, reich. Sie hatte alles. Fast alles. Eines hatte sie nicht: ein Kind.\u201c Das M\u00e4rchen von Schneewittchen im neuen Kleid, mit zarten Liedern gesungen und gespielt von zwei Schauspielerinnen: Nat\u00fcrlich gibt es sieben Zwerge und einen Spiegel, Apfel, Kamm und den gl\u00e4sernen Sarg, aber die Beiden erz\u00e4hlen auch aus ihrem heutigen Leben, wechseln die Rollen wie ihr Hemd und gehen in diesem spannenden Theaterst\u00fcck der Frage nach, ob es denn wirklich sein kann, dass eine Mutter ihrer Tochter nach dem Leben trachtet. Am Schluss aber lassen sie den sch\u00f6nen Prinzen kommen und alles wird gut, denn so soll es sein in einem M\u00e4rchen.<\/p>\n<p>\u201eMit Uta Nawrath und Susanne Schyns agieren zwei K\u00f6nnerinnen des gehobenen Kindertheaters. Hier wird kein M\u00e4rchen nachgespielt, sondern man sieht einige m\u00f6gliche Versionen, wie das M\u00e4rchen verlaufen k\u00f6nnte. Mit verbl\u00fcffenden Ergebnissen&#8230; Nach gut 50 Minuten berechtigte Ovationen f\u00fcr dieses zauberhafte Theatererlebnis\u201c, hei\u00dft es in der Frankfurter Neue Presse. Der Eintritt betr\u00e4gt 4 Euro. Weitere Infos erhalten Sie auch im Internet unter <a href=\"http:\/\/www.grossenlueder.de\" target=\"_blank\">www.grossenlueder.de<\/a> oder direkt beim Theaterhaus Frankfurt <a href=\"http:\/\/www.theaterhaus-frankfurt.de\" target=\"_blank\">www.theaterhaus-frankfurt.de<\/a>.<\/p>\n","protected":false},"excerpt":{"rendered":"<div class=\"tmnf_excerpt\"><p>Gr\u00f6\u00dfenl\u00fcder. Die Gemeinde Gro\u00dfenl\u00fcder beteiligt sich bereits zum dritten Mal an den Kinder- und Jugendtheatertagen in der hessischen Region. In einer Doppelvorstellung zeigt das Theaterhaus Frankfurt am Dienstag, 25. November 2008, 15 Uhr und 17 Uhr in der Aula der L\u00fcdertalschule, Dr.-Stieler-Str. 6 in Gro\u00dfenl\u00fcder f\u00fcr Kinder und Jugendliche ab 8 Jahren aber auch f\u00fcr &hellip;<\/p>\n<\/div>","protected":false},"author":1,"featured_media":0,"comment_status":"closed","ping_status":"closed","sticky":false,"template":"","format":"standard","meta":{"footnotes":""},"categories":[1,72,44],"tags":[],"class_list":["post-13964","post","type-post","status-publish","format-standard","hentry","category-startseite","category-jugend","category-kultur"],"_links":{"self":[{"href":"https:\/\/www.fuldaernachrichten.de\/index.php?rest_route=\/wp\/v2\/posts\/13964","targetHints":{"allow":["GET"]}}],"collection":[{"href":"https:\/\/www.fuldaernachrichten.de\/index.php?rest_route=\/wp\/v2\/posts"}],"about":[{"href":"https:\/\/www.fuldaernachrichten.de\/index.php?rest_route=\/wp\/v2\/types\/post"}],"author":[{"embeddable":true,"href":"https:\/\/www.fuldaernachrichten.de\/index.php?rest_route=\/wp\/v2\/users\/1"}],"replies":[{"embeddable":true,"href":"https:\/\/www.fuldaernachrichten.de\/index.php?rest_route=%2Fwp%2Fv2%2Fcomments&post=13964"}],"version-history":[{"count":3,"href":"https:\/\/www.fuldaernachrichten.de\/index.php?rest_route=\/wp\/v2\/posts\/13964\/revisions"}],"predecessor-version":[{"id":14064,"href":"https:\/\/www.fuldaernachrichten.de\/index.php?rest_route=\/wp\/v2\/posts\/13964\/revisions\/14064"}],"wp:attachment":[{"href":"https:\/\/www.fuldaernachrichten.de\/index.php?rest_route=%2Fwp%2Fv2%2Fmedia&parent=13964"}],"wp:term":[{"taxonomy":"category","embeddable":true,"href":"https:\/\/www.fuldaernachrichten.de\/index.php?rest_route=%2Fwp%2Fv2%2Fcategories&post=13964"},{"taxonomy":"post_tag","embeddable":true,"href":"https:\/\/www.fuldaernachrichten.de\/index.php?rest_route=%2Fwp%2Fv2%2Ftags&post=13964"}],"curies":[{"name":"wp","href":"https:\/\/api.w.org\/{rel}","templated":true}]}}