{"id":139639,"date":"2015-06-10T10:21:38","date_gmt":"2015-06-10T08:21:38","guid":{"rendered":"http:\/\/www.fuldaer-nachrichten.de\/?p=139639"},"modified":"2015-06-10T10:21:38","modified_gmt":"2015-06-10T08:21:38","slug":"auftaktveranstaltung-seniorenwoche-2015","status":"publish","type":"post","link":"https:\/\/www.fuldaernachrichten.de\/?p=139639","title":{"rendered":"Auftaktveranstaltung Seniorenwoche 2015"},"content":{"rendered":"<p>Die Auftaktveranstaltung der Fuldaer Seniorenwoche wird am 20. Juni erstmals zentral in der Fuldaer Innenstadt durchgef\u00fchrt. Im Forum Kanzlerpalais und auf dem Platz Unterm Heilig Kreuz neben der Stadtpfarrkirche gibt es von 11:00 \u2013 16:00 Uhr ein abwechslungsreiches Programm.<\/p>\n<p>Durchgehend von 11:00 &#8211; 16:00 Uhr gibt es im Kanzler Palais (VHS Geb\u00e4ude): Informations- und Aktionsst\u00e4nde am Markt der M\u00f6glichkeiten, Musik, Tanz und Vortr\u00e4ge im 20- min\u00fctigen Rhythmus, Verpflegung durch verschiedene Angebote von s\u00fc\u00df bis herzhaft, jugendlicher Begleitdienst und Aktionen im Innen- sowie Au\u00dfenbereich.<\/p>\n","protected":false},"excerpt":{"rendered":"<div class=\"tmnf_excerpt\"><p>Die Auftaktveranstaltung der Fuldaer Seniorenwoche wird am 20. Juni erstmals zentral in der Fuldaer Innenstadt durchgef\u00fchrt. Im Forum Kanzlerpalais und auf dem Platz Unterm Heilig Kreuz neben der Stadtpfarrkirche gibt es von 11:00 \u2013 16:00 Uhr ein abwechslungsreiches Programm. Durchgehend von 11:00 &#8211; 16:00 Uhr gibt es im Kanzler Palais (VHS Geb\u00e4ude): Informations- und Aktionsst\u00e4nde &hellip;<\/p>\n<\/div>","protected":false},"author":1,"featured_media":139641,"comment_status":"closed","ping_status":"closed","sticky":false,"template":"","format":"standard","meta":{"footnotes":""},"categories":[1],"tags":[],"class_list":["post-139639","post","type-post","status-publish","format-standard","has-post-thumbnail","hentry","category-startseite"],"_links":{"self":[{"href":"https:\/\/www.fuldaernachrichten.de\/index.php?rest_route=\/wp\/v2\/posts\/139639","targetHints":{"allow":["GET"]}}],"collection":[{"href":"https:\/\/www.fuldaernachrichten.de\/index.php?rest_route=\/wp\/v2\/posts"}],"about":[{"href":"https:\/\/www.fuldaernachrichten.de\/index.php?rest_route=\/wp\/v2\/types\/post"}],"author":[{"embeddable":true,"href":"https:\/\/www.fuldaernachrichten.de\/index.php?rest_route=\/wp\/v2\/users\/1"}],"replies":[{"embeddable":true,"href":"https:\/\/www.fuldaernachrichten.de\/index.php?rest_route=%2Fwp%2Fv2%2Fcomments&post=139639"}],"version-history":[{"count":1,"href":"https:\/\/www.fuldaernachrichten.de\/index.php?rest_route=\/wp\/v2\/posts\/139639\/revisions"}],"predecessor-version":[{"id":139642,"href":"https:\/\/www.fuldaernachrichten.de\/index.php?rest_route=\/wp\/v2\/posts\/139639\/revisions\/139642"}],"wp:featuredmedia":[{"embeddable":true,"href":"https:\/\/www.fuldaernachrichten.de\/index.php?rest_route=\/wp\/v2\/media\/139641"}],"wp:attachment":[{"href":"https:\/\/www.fuldaernachrichten.de\/index.php?rest_route=%2Fwp%2Fv2%2Fmedia&parent=139639"}],"wp:term":[{"taxonomy":"category","embeddable":true,"href":"https:\/\/www.fuldaernachrichten.de\/index.php?rest_route=%2Fwp%2Fv2%2Fcategories&post=139639"},{"taxonomy":"post_tag","embeddable":true,"href":"https:\/\/www.fuldaernachrichten.de\/index.php?rest_route=%2Fwp%2Fv2%2Ftags&post=139639"}],"curies":[{"name":"wp","href":"https:\/\/api.w.org\/{rel}","templated":true}]}}