{"id":139632,"date":"2015-06-09T23:08:46","date_gmt":"2015-06-09T21:08:46","guid":{"rendered":"http:\/\/www.fuldaer-nachrichten.de\/?p=139632"},"modified":"2015-06-09T23:08:46","modified_gmt":"2015-06-09T21:08:46","slug":"verkauf-und-versteigerung-von-fundgegenstaenden","status":"publish","type":"post","link":"https:\/\/www.fuldaernachrichten.de\/?p=139632","title":{"rendered":"Verkauf und Versteigerung von Fundgegenst\u00e4nden"},"content":{"rendered":"<p>Die j\u00e4hrliche Versteigerung von Fundgegenst\u00e4nden, deren Aufbewahrungsfrist abgelaufen ist, findet am Samstag, 20. Juni 2015, ab 9 Uhr im Schlosshof des Fuldaer Stadtschlosses statt. Eine Besonderheit gibt es dieses Jahr: Fundgegenst\u00e4nde wie Schmuck, Regenschirme, diverse Elektroartikel und Kleidungsst\u00fccke werden zu einem Festpreis verkauft. Fundfahrr\u00e4der werden wie bisher \u00f6ffentlich versteigert. Der Verkauf der Fundgegenst\u00e4nde findet in der Zeit von 9 bis 10 Uhr statt. Parallel dazu besteht die M\u00f6glichkeit, die zu versteigernden Fundfahrr\u00e4der zu besichtigen. Anschlie\u00dfend werden die Fahrr\u00e4der meistbietend versteigert.<\/p>\n","protected":false},"excerpt":{"rendered":"<div class=\"tmnf_excerpt\"><p>Die j\u00e4hrliche Versteigerung von Fundgegenst\u00e4nden, deren Aufbewahrungsfrist abgelaufen ist, findet am Samstag, 20. Juni 2015, ab 9 Uhr im Schlosshof des Fuldaer Stadtschlosses statt. Eine Besonderheit gibt es dieses Jahr: Fundgegenst\u00e4nde wie Schmuck, Regenschirme, diverse Elektroartikel und Kleidungsst\u00fccke werden zu einem Festpreis verkauft. Fundfahrr\u00e4der werden wie bisher \u00f6ffentlich versteigert. Der Verkauf der Fundgegenst\u00e4nde findet in &hellip;<\/p>\n<\/div>","protected":false},"author":1,"featured_media":0,"comment_status":"closed","ping_status":"closed","sticky":false,"template":"","format":"standard","meta":{"footnotes":""},"categories":[1],"tags":[],"class_list":["post-139632","post","type-post","status-publish","format-standard","hentry","category-startseite"],"_links":{"self":[{"href":"https:\/\/www.fuldaernachrichten.de\/index.php?rest_route=\/wp\/v2\/posts\/139632","targetHints":{"allow":["GET"]}}],"collection":[{"href":"https:\/\/www.fuldaernachrichten.de\/index.php?rest_route=\/wp\/v2\/posts"}],"about":[{"href":"https:\/\/www.fuldaernachrichten.de\/index.php?rest_route=\/wp\/v2\/types\/post"}],"author":[{"embeddable":true,"href":"https:\/\/www.fuldaernachrichten.de\/index.php?rest_route=\/wp\/v2\/users\/1"}],"replies":[{"embeddable":true,"href":"https:\/\/www.fuldaernachrichten.de\/index.php?rest_route=%2Fwp%2Fv2%2Fcomments&post=139632"}],"version-history":[{"count":1,"href":"https:\/\/www.fuldaernachrichten.de\/index.php?rest_route=\/wp\/v2\/posts\/139632\/revisions"}],"predecessor-version":[{"id":139634,"href":"https:\/\/www.fuldaernachrichten.de\/index.php?rest_route=\/wp\/v2\/posts\/139632\/revisions\/139634"}],"wp:attachment":[{"href":"https:\/\/www.fuldaernachrichten.de\/index.php?rest_route=%2Fwp%2Fv2%2Fmedia&parent=139632"}],"wp:term":[{"taxonomy":"category","embeddable":true,"href":"https:\/\/www.fuldaernachrichten.de\/index.php?rest_route=%2Fwp%2Fv2%2Fcategories&post=139632"},{"taxonomy":"post_tag","embeddable":true,"href":"https:\/\/www.fuldaernachrichten.de\/index.php?rest_route=%2Fwp%2Fv2%2Ftags&post=139632"}],"curies":[{"name":"wp","href":"https:\/\/api.w.org\/{rel}","templated":true}]}}