{"id":139628,"date":"2015-06-09T23:07:40","date_gmt":"2015-06-09T21:07:40","guid":{"rendered":"http:\/\/www.fuldaer-nachrichten.de\/?p=139628"},"modified":"2015-06-09T23:07:40","modified_gmt":"2015-06-09T21:07:40","slug":"sonntagsmatinee-im-klinikum-fulda-schwingendes-palisander-und-klingendes-aluminium","status":"publish","type":"post","link":"https:\/\/www.fuldaernachrichten.de\/?p=139628","title":{"rendered":"Sonntagsmatinee im Klinikum Fulda:  Schwingendes Palisander und klingendes Aluminium"},"content":{"rendered":"<p>Zur kommenden Sonntagsmatinee am 14.06.2015, 10.00 bis 12.00 Uhr im Foyer des Klinikums Fulda, hat die Musikschule Fulda eine ganz besondere \u201eKlangfarbe\u201c ausgesucht: die beiden artverwandten Mallet-Instrumente Marimbafon und Vibrafon. Sie sind als Soloinstrumente nicht sehr h\u00e4ufig in den Konzerts\u00e4len zu h\u00f6ren.<\/p>\n<p>Alexander Klinke (Marimba), Lea Widmer (Marimba) und Jacob Heim (Vibrafon) werden Afrikanische Kl\u00e4nge aus S\u00fcdafrika und Ghana, Musik aus Mexiko von Alice Gomezz und Groovig-Jazziges von Kenny Dorham spielen. Aber auch Filmmusik von Claus Bantzer, St\u00fccke von Mongo Santamaria sowie Rockklassiker von Jethro Tull in ganz anderem Gewand gibt es zu h\u00f6ren. Gespielt wird solo, im Duo, Trio oder Quartett (dann mit Unterst\u00fctzung von Schlagzeuglehrer Klaus Schenk).<\/p>\n<p>Vorl\u00e4uferinstrumente vom Marimbafon und Vibrafon hatten sich in Afrika, Mittelamerika und S\u00fcdostasien etabliert, bevor dieses Prinzip der Klangerzeugung auch nach Europa kam: Mit Schl\u00e4geln, \u201eMallets\u201c genannt, werden zumeist Palisanderplatten angeschlagen. Sp\u00e4ter begann man auch mit Metallplatten zu experimentieren, was dann zur Entwicklung des Vibrafons gef\u00fchrt hat. Der Name kommt von den rotierenden Metallscheiben in den Resonanzr\u00f6hren, die sich unter den Klangplatten aus einer Aluminiumlegierung befinden und eine Art Tremolo oder Vibrato erzeugen. Beide Instrumente, Marimbafon und Vibrafon, sind wie ein Klavier gestimmt, die Anordnung der Platten entspricht der einer Klaviatur.<\/p>\n<p>Im Rahmen der Reihe \u201eSonntagsmatinee\u201c k\u00f6nnen Patienten, Besucher und Angeh\u00f6rige bei musikalischer Untermalung das reichhaltige Angebot der B\u00e4ckerei Happ genie\u00dfen oder einfach der Live-Musik lauschen.<\/p>\n","protected":false},"excerpt":{"rendered":"<div class=\"tmnf_excerpt\"><p>Zur kommenden Sonntagsmatinee am 14.06.2015, 10.00 bis 12.00 Uhr im Foyer des Klinikums Fulda, hat die Musikschule Fulda eine ganz besondere \u201eKlangfarbe\u201c ausgesucht: die beiden artverwandten Mallet-Instrumente Marimbafon und Vibrafon. Sie sind als Soloinstrumente nicht sehr h\u00e4ufig in den Konzerts\u00e4len zu h\u00f6ren. Alexander Klinke (Marimba), Lea Widmer (Marimba) und Jacob Heim (Vibrafon) werden Afrikanische Kl\u00e4nge &hellip;<\/p>\n<\/div>","protected":false},"author":1,"featured_media":139629,"comment_status":"closed","ping_status":"closed","sticky":false,"template":"","format":"standard","meta":{"footnotes":""},"categories":[1,44],"tags":[],"class_list":["post-139628","post","type-post","status-publish","format-standard","has-post-thumbnail","hentry","category-startseite","category-kultur"],"_links":{"self":[{"href":"https:\/\/www.fuldaernachrichten.de\/index.php?rest_route=\/wp\/v2\/posts\/139628","targetHints":{"allow":["GET"]}}],"collection":[{"href":"https:\/\/www.fuldaernachrichten.de\/index.php?rest_route=\/wp\/v2\/posts"}],"about":[{"href":"https:\/\/www.fuldaernachrichten.de\/index.php?rest_route=\/wp\/v2\/types\/post"}],"author":[{"embeddable":true,"href":"https:\/\/www.fuldaernachrichten.de\/index.php?rest_route=\/wp\/v2\/users\/1"}],"replies":[{"embeddable":true,"href":"https:\/\/www.fuldaernachrichten.de\/index.php?rest_route=%2Fwp%2Fv2%2Fcomments&post=139628"}],"version-history":[{"count":1,"href":"https:\/\/www.fuldaernachrichten.de\/index.php?rest_route=\/wp\/v2\/posts\/139628\/revisions"}],"predecessor-version":[{"id":139631,"href":"https:\/\/www.fuldaernachrichten.de\/index.php?rest_route=\/wp\/v2\/posts\/139628\/revisions\/139631"}],"wp:featuredmedia":[{"embeddable":true,"href":"https:\/\/www.fuldaernachrichten.de\/index.php?rest_route=\/wp\/v2\/media\/139629"}],"wp:attachment":[{"href":"https:\/\/www.fuldaernachrichten.de\/index.php?rest_route=%2Fwp%2Fv2%2Fmedia&parent=139628"}],"wp:term":[{"taxonomy":"category","embeddable":true,"href":"https:\/\/www.fuldaernachrichten.de\/index.php?rest_route=%2Fwp%2Fv2%2Fcategories&post=139628"},{"taxonomy":"post_tag","embeddable":true,"href":"https:\/\/www.fuldaernachrichten.de\/index.php?rest_route=%2Fwp%2Fv2%2Ftags&post=139628"}],"curies":[{"name":"wp","href":"https:\/\/api.w.org\/{rel}","templated":true}]}}