{"id":139623,"date":"2015-06-09T23:07:12","date_gmt":"2015-06-09T21:07:12","guid":{"rendered":"http:\/\/www.fuldaer-nachrichten.de\/?p=139623"},"modified":"2015-06-09T23:07:32","modified_gmt":"2015-06-09T21:07:32","slug":"genuss-tipp-ganz-in-weiss-mit-freunden-und-nachbarn-zum-dinner","status":"publish","type":"post","link":"https:\/\/www.fuldaernachrichten.de\/?p=139623","title":{"rendered":"Genuss-Tipp: Ganz in Wei\u00df mit Freunden und Nachbarn zum Dinner"},"content":{"rendered":"<p>Eine Idee aus Frankreich, wo in Paris das Diner En Blanc schon seit den 80er Jahren stattfindet, fasst auch bei uns Fu\u00df. Ganz in wei\u00df gekleidet, mit wei\u00dfem Geschirr, wei\u00dfen Servietten und Tischdecken sowie wei\u00dfen Kerzen kommen Menschen an einem Platz zusammen, um gemeinsam unter freiem Himmel stilvoll zu Abend zu essen.<\/p>\n<p>Am Samstag, 27. Juni, findet in Fulda das Dinner In Wei\u00df zum zweiten Mal statt, und zwar ab 19 Uhr in der Gr\u00fcnanlage Am Badegarten (Frankfurter Stra\u00dfe auf H\u00f6he Norma\/Lidl \u2013 siehe auch registrierungsfrei unter www.facebook.com\/dinner.in.weiss.fulda). Das stimmungsvolle Ambiente hat im vorigen Jahr allen Teilnehmenden sehr gut gefallen, und auch die sch\u00f6ne Gitarrenmusik wird wieder im Hintergrund live zu h\u00f6ren sein.<\/p>\n<p>Die typischen Regeln f\u00fcr das Dinner In Wei\u00df werden streng eingehalten: wei\u00df wird die vorherrschende Farbe sein. Alle kommen in heller Kleidung, mitgebrachte Tische und St\u00fchle werden aneinander gereiht und wei\u00df eingedeckt, der Picknickkorb ist gef\u00fcllt. Vor Ort wird kein Grill aufgebaut und es gibt auch nichts zu kaufen, da dieses Fest keine kommerziellen Ziele verfolgt. Um 22 Uhr soll das Massenpicknick enden und jeder nimmt seinen M\u00fcll ordentlich wieder mit.<\/p>\n<p>\u201eDas Dinner In Wei\u00df bietet eine gute Gelegenheit zu zeigen, dass Fulda multikulturell ist. Ziel und Zweck ist es, gute Gespr\u00e4che zu haben und sich n\u00e4her kennen lernen\u201c, so Initiatorin Ilona G\u00f6tz vom Kreisverband der AWO Arbeiterwohlfahrt Fulda. \u201eEs w\u00e4re auch sch\u00f6n, wenn die Besucher die Freude an diesem Abend mit anderen teilen und eine Spende zugunsten der sozialen Arbeit der AWO entrichten&#8221;.<\/p>\n<p>Als besonderer Service kann gegen eine Spende von 5\u00e2\u201a\u00ac pro Person ein Sitzplatz an einer bereits mit wei\u00dfem Tuch versehenen Biergarnitur bereitgestellt werden. Reservierungen sind daf\u00fcr allerdings unter Angabe des Namens erforderlich, m\u00f6glichst unter eMail: ilona.goetz@awo-fulda.de (oder Telefon 0661 480045-10).<\/p>\n<p>Bei schlechtem Wetter wird das Dinner In Wei\u00df verschoben. In diesem Fall bitte auf entsprechende Hinweise achten<\/p>\n","protected":false},"excerpt":{"rendered":"<div class=\"tmnf_excerpt\"><p>Eine Idee aus Frankreich, wo in Paris das Diner En Blanc schon seit den 80er Jahren stattfindet, fasst auch bei uns Fu\u00df. Ganz in wei\u00df gekleidet, mit wei\u00dfem Geschirr, wei\u00dfen Servietten und Tischdecken sowie wei\u00dfen Kerzen kommen Menschen an einem Platz zusammen, um gemeinsam unter freiem Himmel stilvoll zu Abend zu essen. Am Samstag, 27. &hellip;<\/p>\n<\/div>","protected":false},"author":1,"featured_media":139625,"comment_status":"closed","ping_status":"closed","sticky":false,"template":"","format":"standard","meta":{"footnotes":""},"categories":[1,37],"tags":[],"class_list":["post-139623","post","type-post","status-publish","format-standard","has-post-thumbnail","hentry","category-startseite","category-essen-und-trinken"],"_links":{"self":[{"href":"https:\/\/www.fuldaernachrichten.de\/index.php?rest_route=\/wp\/v2\/posts\/139623","targetHints":{"allow":["GET"]}}],"collection":[{"href":"https:\/\/www.fuldaernachrichten.de\/index.php?rest_route=\/wp\/v2\/posts"}],"about":[{"href":"https:\/\/www.fuldaernachrichten.de\/index.php?rest_route=\/wp\/v2\/types\/post"}],"author":[{"embeddable":true,"href":"https:\/\/www.fuldaernachrichten.de\/index.php?rest_route=\/wp\/v2\/users\/1"}],"replies":[{"embeddable":true,"href":"https:\/\/www.fuldaernachrichten.de\/index.php?rest_route=%2Fwp%2Fv2%2Fcomments&post=139623"}],"version-history":[{"count":1,"href":"https:\/\/www.fuldaernachrichten.de\/index.php?rest_route=\/wp\/v2\/posts\/139623\/revisions"}],"predecessor-version":[{"id":139627,"href":"https:\/\/www.fuldaernachrichten.de\/index.php?rest_route=\/wp\/v2\/posts\/139623\/revisions\/139627"}],"wp:featuredmedia":[{"embeddable":true,"href":"https:\/\/www.fuldaernachrichten.de\/index.php?rest_route=\/wp\/v2\/media\/139625"}],"wp:attachment":[{"href":"https:\/\/www.fuldaernachrichten.de\/index.php?rest_route=%2Fwp%2Fv2%2Fmedia&parent=139623"}],"wp:term":[{"taxonomy":"category","embeddable":true,"href":"https:\/\/www.fuldaernachrichten.de\/index.php?rest_route=%2Fwp%2Fv2%2Fcategories&post=139623"},{"taxonomy":"post_tag","embeddable":true,"href":"https:\/\/www.fuldaernachrichten.de\/index.php?rest_route=%2Fwp%2Fv2%2Ftags&post=139623"}],"curies":[{"name":"wp","href":"https:\/\/api.w.org\/{rel}","templated":true}]}}