{"id":139622,"date":"2015-06-09T23:06:50","date_gmt":"2015-06-09T21:06:50","guid":{"rendered":"http:\/\/www.fuldaer-nachrichten.de\/?p=139622"},"modified":"2015-06-09T23:06:50","modified_gmt":"2015-06-09T21:06:50","slug":"lehrstellenboerse-in-der-arbeitsagentur-mehr-als-300-stellen-noch-offen-alternativen-eroeffnet","status":"publish","type":"post","link":"https:\/\/www.fuldaernachrichten.de\/?p=139622","title":{"rendered":"Lehrstellenb\u00f6rse in der Arbeitsagentur Mehr als 300 Stellen noch offen \/ Alternativen er\u00f6ffnet"},"content":{"rendered":"<p>Floristin oder Tierpflegerin, Kauffrau oder Erzieherin \u2013 die 18-j\u00e4hrige Cindy ist vielseitig interessiert und nicht in eine Richtung festgelegt. Da war die heutige Lehrstellenb\u00f6rse in der Arbeitsagentur in Bad Hersfeld genau das richtige Ziel. \u201eIch bin hier, weil ich mitnehmen will, was ich kriegen kann\u201c, erkl\u00e4rte die Hersfelderin, die ins Berufsinformationszentrum gekommen ist, um eine Lehrstelle zu ergattern. Bei mehr als 300 noch offenen Stellen von A wie Anlagenmechaniker\/in bis Z wie Zweiradmechatroniker war die Auswahl gro\u00df.<\/p>\n<p>\u201eMomentan sind noch freie Ausbildungsstellen in allen Bereichen vorhanden \u2013 im Handwerk, in der Industrie und im kaufm\u00e4nnischen Bereich\u201c, berichtet Thorsten Wilhelm, Leiter der Berufsberatung. Entsprechend war der Andrang: Weit \u00fcber 60 junge Frauen und M\u00e4nner waren aus dem gesamten Landkreis in die Arbeitsagentur gekommen \u2013 vor allem Schulabg\u00e4nger\/innen von Haupt- und Realschulen, aber auch von Fachoberschulen, beruflichen Gymnasien und Gymnasien. \u201eWenn man einen besonderen Wunschberuf hat, wird man unter Umst\u00e4nden in kleineren Regionen nicht f\u00fcndig\u201c, erl\u00e4utert Wilhelm, der mit der gro\u00dfen Resonanz zufrieden war. Immerhin konnten rund 50 Bewerberinnen und Bewerbern Vermittlungsvorschl\u00e4ge unterbreitet werden. Teilweise er\u00f6ffnete die Lehrstellenb\u00f6rse den Jugendlichen auch neue Perspektiven und Interesse f\u00fcr Berufe, f\u00fcr die sie sich zuvor noch nicht beworben hatten: \u201eWer beispielsweise merkt, im hei\u00dfbegehrten Beruf Kfz-Mechatroniker komme ich nicht unter, sollte dar\u00fcber nachdenken, auf einen anderen Metallberuf oder einen anderen technischen Beruf umzuschwenken.\u201c<\/p>\n<p>Auch nach der Ausbildungsstellenb\u00f6rse laufen die Vermittlungsbem\u00fchungen von Berufsberatung und Arbeitgeberservice weiter auf Hochtouren. Angesichts der hohen Zahl an noch freien Ausbildungsstellen fordert Thorsten Wilhelm Sch\u00fclerinnen und Sch\u00fcler auf, verst\u00e4rkt die Sprechzeiten der Berufsberatung in ihren Haupt- und Realschulen zu nutzen. Insbesondere junge Ausbildungssuchende, die noch nicht als Bewerberinnen oder Bewerber bei der Berufsberatung gemeldet sind, sollten sich schnell einen Termin bei der Berufsberatung sichern. M\u00f6glich ist dies unter der kostenfreien Service-Rufnummer 0800 4 5555 00.<\/p>\n","protected":false},"excerpt":{"rendered":"<div class=\"tmnf_excerpt\"><p>Floristin oder Tierpflegerin, Kauffrau oder Erzieherin \u2013 die 18-j\u00e4hrige Cindy ist vielseitig interessiert und nicht in eine Richtung festgelegt. Da war die heutige Lehrstellenb\u00f6rse in der Arbeitsagentur in Bad Hersfeld genau das richtige Ziel. \u201eIch bin hier, weil ich mitnehmen will, was ich kriegen kann\u201c, erkl\u00e4rte die Hersfelderin, die ins Berufsinformationszentrum gekommen ist, um eine &hellip;<\/p>\n<\/div>","protected":false},"author":1,"featured_media":139633,"comment_status":"closed","ping_status":"closed","sticky":false,"template":"","format":"standard","meta":{"footnotes":""},"categories":[1,53],"tags":[],"class_list":["post-139622","post","type-post","status-publish","format-standard","has-post-thumbnail","hentry","category-startseite","category-bildung"],"_links":{"self":[{"href":"https:\/\/www.fuldaernachrichten.de\/index.php?rest_route=\/wp\/v2\/posts\/139622","targetHints":{"allow":["GET"]}}],"collection":[{"href":"https:\/\/www.fuldaernachrichten.de\/index.php?rest_route=\/wp\/v2\/posts"}],"about":[{"href":"https:\/\/www.fuldaernachrichten.de\/index.php?rest_route=\/wp\/v2\/types\/post"}],"author":[{"embeddable":true,"href":"https:\/\/www.fuldaernachrichten.de\/index.php?rest_route=\/wp\/v2\/users\/1"}],"replies":[{"embeddable":true,"href":"https:\/\/www.fuldaernachrichten.de\/index.php?rest_route=%2Fwp%2Fv2%2Fcomments&post=139622"}],"version-history":[{"count":1,"href":"https:\/\/www.fuldaernachrichten.de\/index.php?rest_route=\/wp\/v2\/posts\/139622\/revisions"}],"predecessor-version":[{"id":139626,"href":"https:\/\/www.fuldaernachrichten.de\/index.php?rest_route=\/wp\/v2\/posts\/139622\/revisions\/139626"}],"wp:featuredmedia":[{"embeddable":true,"href":"https:\/\/www.fuldaernachrichten.de\/index.php?rest_route=\/wp\/v2\/media\/139633"}],"wp:attachment":[{"href":"https:\/\/www.fuldaernachrichten.de\/index.php?rest_route=%2Fwp%2Fv2%2Fmedia&parent=139622"}],"wp:term":[{"taxonomy":"category","embeddable":true,"href":"https:\/\/www.fuldaernachrichten.de\/index.php?rest_route=%2Fwp%2Fv2%2Fcategories&post=139622"},{"taxonomy":"post_tag","embeddable":true,"href":"https:\/\/www.fuldaernachrichten.de\/index.php?rest_route=%2Fwp%2Fv2%2Ftags&post=139622"}],"curies":[{"name":"wp","href":"https:\/\/api.w.org\/{rel}","templated":true}]}}